{"id":16320,"date":"2020-03-03T14:00:47","date_gmt":"2020-03-03T17:00:47","guid":{"rendered":"https:\/\/www.bibliotecadeseguranca.com.br\/en\/?p=16320"},"modified":"2020-03-03T12:38:54","modified_gmt":"2020-03-03T15:38:54","slug":"cidadania-justica-e-violencia","status":"publish","type":"post","link":"https:\/\/www.bibliotecadeseguranca.com.br\/en\/livros\/cidadania-justica-e-violencia\/","title":{"rendered":"Cidadania, Justi\u00e7a e Viol\u00eancia"},"content":{"rendered":"<p><span style=\"color: #003366;\"><strong><img loading=\"lazy\" decoding=\"async\" class=\"alignleft size-full wp-image-16321\" src=\"https:\/\/www.bibliotecadeseguranca.com.br\/en\/wp-content\/uploads\/2020\/03\/cidadania-justica-e-violencia.jpg\" alt=\"Cidadania, Justi\u00e7a e Viol\u00eancia\" width=\"145\" height=\"209\" srcset=\"https:\/\/www.bibliotecadeseguranca.com.br\/en\/wp-content\/uploads\/2020\/03\/cidadania-justica-e-violencia.jpg 145w, https:\/\/www.bibliotecadeseguranca.com.br\/en\/wp-content\/uploads\/2020\/03\/cidadania-justica-e-violencia-104x150.jpg 104w\" sizes=\"auto, (max-width: 145px) 100vw, 145px\" \/>Jos\u00e9 Murilo de Carvalho &#8211; Coordenador<\/strong><\/span><\/p>\n<p><span style=\"color: #003366;\"><strong>Publisher FGV<\/strong><\/span><\/p>\n<p><span style=\"color: #003366;\"><strong>Overview:<\/strong><\/span> Este livro re\u00fane trabalhos apresentados em dois semin\u00e1rios realizados pelo Centro de Pesquisa e Documenta\u00e7\u00e3o de Hist\u00f3ria Contempor\u00e2nea do Brasil (CPDOC), da Funda\u00e7\u00e3o Getulio Vargas, e pelo Instituto de Estudos da Religi\u00e3o (Iser), o primeiro em setembro de 1996 e o segundo em setembro de 1997. A origem desses encontros foi a pesquisa \u201cLei, justi\u00e7a e cidadania\u201d,<br \/>\ndesenvolvida conjuntamente por aquelas institui\u00e7\u00f5es, com o apoio da Funda\u00e7\u00e3o Ford, da Finep e da Funda\u00e7\u00e3o Banco do Brasil. A pesquisa foi coordenada por Jos\u00e9 Murilo de Carvalho e contou com a participa\u00e7\u00e3o de Dulce Chaves Pandolfi, Leandro Piquet Carneiro e Mario Grynszpan.<\/p>\n","protected":false},"excerpt":{"rendered":"<p>Jos\u00e9 Murilo de Carvalho &#8211; Coordenador Publisher FGV Overview: Este livro re\u00fane trabalhos apresentados em dois semin\u00e1rios realizados pelo Centro de Pesquisa e Documenta\u00e7\u00e3o de Hist\u00f3ria Contempor\u00e2nea do Brasil (CPDOC), da Funda\u00e7\u00e3o Getulio Vargas, e pelo Instituto de Estudos da Religi\u00e3o (Iser), o primeiro em setembro de 1996 e o segundo em setembro de 1997. A origem desses encontros foi a pesquisa \u201cLei, justi\u00e7a e cidadania\u201d, desenvolvida conjuntamente por aquelas&hellip; <\/p>\n","protected":false},"author":3,"featured_media":16321,"comment_status":"open","ping_status":"closed","sticky":false,"template":"","format":"standard","meta":{"footnotes":""},"categories":[6,25],"tags":[],"class_list":["post-16320","post","type-post","status-publish","format-standard","has-post-thumbnail","hentry","category-livros","category-seguranca-publica-e-defesa"],"views":320,"_links":{"self":[{"href":"https:\/\/www.bibliotecadeseguranca.com.br\/en\/wp-json\/wp\/v2\/posts\/16320","targetHints":{"allow":["GET"]}}],"collection":[{"href":"https:\/\/www.bibliotecadeseguranca.com.br\/en\/wp-json\/wp\/v2\/posts"}],"about":[{"href":"https:\/\/www.bibliotecadeseguranca.com.br\/en\/wp-json\/wp\/v2\/types\/post"}],"author":[{"embeddable":true,"href":"https:\/\/www.bibliotecadeseguranca.com.br\/en\/wp-json\/wp\/v2\/users\/3"}],"replies":[{"embeddable":true,"href":"https:\/\/www.bibliotecadeseguranca.com.br\/en\/wp-json\/wp\/v2\/comments?post=16320"}],"version-history":[{"count":1,"href":"https:\/\/www.bibliotecadeseguranca.com.br\/en\/wp-json\/wp\/v2\/posts\/16320\/revisions"}],"predecessor-version":[{"id":16322,"href":"https:\/\/www.bibliotecadeseguranca.com.br\/en\/wp-json\/wp\/v2\/posts\/16320\/revisions\/16322"}],"wp:featuredmedia":[{"embeddable":true,"href":"https:\/\/www.bibliotecadeseguranca.com.br\/en\/wp-json\/wp\/v2\/media\/16321"}],"wp:attachment":[{"href":"https:\/\/www.bibliotecadeseguranca.com.br\/en\/wp-json\/wp\/v2\/media?parent=16320"}],"wp:term":[{"taxonomy":"category","embeddable":true,"href":"https:\/\/www.bibliotecadeseguranca.com.br\/en\/wp-json\/wp\/v2\/categories?post=16320"},{"taxonomy":"post_tag","embeddable":true,"href":"https:\/\/www.bibliotecadeseguranca.com.br\/en\/wp-json\/wp\/v2\/tags?post=16320"}],"curies":[{"name":"wp","href":"https:\/\/api.w.org\/{rel}","templated":true}]}}