{"id":16250,"date":"2020-01-28T14:00:37","date_gmt":"2020-01-28T17:00:37","guid":{"rendered":"https:\/\/www.bibliotecadeseguranca.com.br\/en\/?p=16250"},"modified":"2020-01-28T13:11:37","modified_gmt":"2020-01-28T16:11:37","slug":"seguranca-privada-acoes-preventivas","status":"publish","type":"post","link":"https:\/\/www.bibliotecadeseguranca.com.br\/en\/livros\/seguranca-privada-acoes-preventivas\/","title":{"rendered":"Seguran\u00e7a Privada &#8211; A\u00e7\u00f5es Preventivas"},"content":{"rendered":"<p><span style=\"color: #003366;\"><strong><img loading=\"lazy\" decoding=\"async\" class=\"alignleft size-full wp-image-16251\" src=\"https:\/\/www.bibliotecadeseguranca.com.br\/en\/wp-content\/uploads\/2020\/01\/seguranca-privada-acoes-preventivas.jpg\" alt=\"Seguran\u00e7a Privada - A\u00e7\u00f5es Preventivas\" width=\"145\" height=\"206\" srcset=\"https:\/\/www.bibliotecadeseguranca.com.br\/en\/wp-content\/uploads\/2020\/01\/seguranca-privada-acoes-preventivas.jpg 145w, https:\/\/www.bibliotecadeseguranca.com.br\/en\/wp-content\/uploads\/2020\/01\/seguranca-privada-acoes-preventivas-106x150.jpg 106w\" sizes=\"auto, (max-width: 145px) 100vw, 145px\" \/>Edmilson Dias<\/strong><\/span><\/p>\n<p><span style=\"color: #003366;\"><strong>Publisher Clube de Autores<\/strong><\/span><\/p>\n<p><span style=\"color: #003366;\"><strong>Overview:<\/strong><\/span> P\u00f3s-graduado em seguran\u00e7a patrimonial. condi\u00e7\u00e3o que me proporcionou uma ampla vis\u00e3o em diversos aspectos nesta segmenta\u00e7\u00e3o, fato este que tornou determinante para execu\u00e7\u00e3o desta obra, a fim de apresentar de forma did\u00e1tica as a\u00e7\u00f5es preventivas, onde deve ser considerado os seguintes aspectos: um planejamento detalhado que utiliza o fracionamento de per\u00edodo, a curto, m\u00e9dio e longo prazo. Segundo, podendo tamb\u00e9m prever a inclus\u00e3o de todos os fatores com grau de relev\u00e2ncia que seja capaz de quantificar este projeto. Outro aspecto fundamental neste processo tem rela\u00e7\u00e3o com a flexibilidade, a fim de permitir inclus\u00e3o a medida que fizer necess\u00e1rio, outro ponto primordial tem haver com a forma de gest\u00e3o adotada para tudo que diz respeito a seguran\u00e7a segmentada, visando o aperfei\u00e7oamento de todas as medidas e a\u00e7\u00f5es.<\/p>\n","protected":false},"excerpt":{"rendered":"<p>Edmilson Dias Publisher Clube de Autores Overview: P\u00f3s-graduado em seguran\u00e7a patrimonial. condi\u00e7\u00e3o que me proporcionou uma ampla vis\u00e3o em diversos aspectos nesta segmenta\u00e7\u00e3o, fato este que tornou determinante para execu\u00e7\u00e3o desta obra, a fim de apresentar de forma did\u00e1tica as a\u00e7\u00f5es preventivas, onde deve ser considerado os seguintes aspectos: um planejamento detalhado que utiliza o fracionamento de per\u00edodo, a curto, m\u00e9dio e longo prazo. Segundo, podendo tamb\u00e9m prever a inclus\u00e3o&hellip; <\/p>\n","protected":false},"author":3,"featured_media":16251,"comment_status":"open","ping_status":"closed","sticky":false,"template":"","format":"standard","meta":{"footnotes":""},"categories":[6,23],"tags":[],"class_list":["post-16250","post","type-post","status-publish","format-standard","has-post-thumbnail","hentry","category-livros","category-enterprise-security-management"],"views":247,"_links":{"self":[{"href":"https:\/\/www.bibliotecadeseguranca.com.br\/en\/wp-json\/wp\/v2\/posts\/16250","targetHints":{"allow":["GET"]}}],"collection":[{"href":"https:\/\/www.bibliotecadeseguranca.com.br\/en\/wp-json\/wp\/v2\/posts"}],"about":[{"href":"https:\/\/www.bibliotecadeseguranca.com.br\/en\/wp-json\/wp\/v2\/types\/post"}],"author":[{"embeddable":true,"href":"https:\/\/www.bibliotecadeseguranca.com.br\/en\/wp-json\/wp\/v2\/users\/3"}],"replies":[{"embeddable":true,"href":"https:\/\/www.bibliotecadeseguranca.com.br\/en\/wp-json\/wp\/v2\/comments?post=16250"}],"version-history":[{"count":1,"href":"https:\/\/www.bibliotecadeseguranca.com.br\/en\/wp-json\/wp\/v2\/posts\/16250\/revisions"}],"predecessor-version":[{"id":16252,"href":"https:\/\/www.bibliotecadeseguranca.com.br\/en\/wp-json\/wp\/v2\/posts\/16250\/revisions\/16252"}],"wp:featuredmedia":[{"embeddable":true,"href":"https:\/\/www.bibliotecadeseguranca.com.br\/en\/wp-json\/wp\/v2\/media\/16251"}],"wp:attachment":[{"href":"https:\/\/www.bibliotecadeseguranca.com.br\/en\/wp-json\/wp\/v2\/media?parent=16250"}],"wp:term":[{"taxonomy":"category","embeddable":true,"href":"https:\/\/www.bibliotecadeseguranca.com.br\/en\/wp-json\/wp\/v2\/categories?post=16250"},{"taxonomy":"post_tag","embeddable":true,"href":"https:\/\/www.bibliotecadeseguranca.com.br\/en\/wp-json\/wp\/v2\/tags?post=16250"}],"curies":[{"name":"wp","href":"https:\/\/api.w.org\/{rel}","templated":true}]}}