{"id":16022,"date":"2019-10-14T14:00:21","date_gmt":"2019-10-14T17:00:21","guid":{"rendered":"https:\/\/www.bibliotecadeseguranca.com.br\/en\/?p=16022"},"modified":"2019-10-14T13:16:07","modified_gmt":"2019-10-14T16:16:07","slug":"politicas-publicas-em-seguranca-publica-e-defesa-social","status":"publish","type":"post","link":"https:\/\/www.bibliotecadeseguranca.com.br\/en\/livros\/politicas-publicas-em-seguranca-publica-e-defesa-social\/","title":{"rendered":"Pol\u00edticas P\u00fablicas em Seguran\u00e7a P\u00fablica e Defesa Social"},"content":{"rendered":"<p><span style=\"color: #003366;\"><strong><img loading=\"lazy\" decoding=\"async\" class=\"alignleft size-full wp-image-16023\" src=\"https:\/\/www.bibliotecadeseguranca.com.br\/en\/wp-content\/uploads\/2019\/10\/politicas-publicas-em-seguranca-publica-e-defesa-social.jpg\" alt=\"Pol\u00edticas P\u00fablicas em Seguran\u00e7a P\u00fablica e Defesa Social\" width=\"145\" height=\"213\" srcset=\"https:\/\/www.bibliotecadeseguranca.com.br\/en\/wp-content\/uploads\/2019\/10\/politicas-publicas-em-seguranca-publica-e-defesa-social.jpg 145w, https:\/\/www.bibliotecadeseguranca.com.br\/en\/wp-content\/uploads\/2019\/10\/politicas-publicas-em-seguranca-publica-e-defesa-social-102x150.jpg 102w\" sizes=\"auto, (max-width: 145px) 100vw, 145px\" \/>Andr\u00e9 Salineiro<\/strong><\/span><\/p>\n<p><span style=\"color: #003366;\"><strong>Publisher Intersaberes<\/strong><\/span><\/p>\n<p><span style=\"color: #003366;\"><strong>Overview:<\/strong><\/span> Uma das maiores preocupa\u00e7\u00f5es que vivemos hoje no Brasil \u00e9 a falta de seguran\u00e7a. O medo se tornou um sentimento constante do cidad\u00e3o e \u00e9 urgente que o Poder P\u00fablico e a popula\u00e7\u00e3o se organizem na luta contra a viol\u00eancia e a criminalidade. No entanto, como podemos resolver esse problema? Quais pol\u00edticas p\u00fablicas est\u00e3o sendo implementadas nesse sentido? O que podemos aprender com pa\u00edses em que a inseguran\u00e7a est\u00e1 mais controlada? Entenda aqui o cen\u00e1rio atual da seguran\u00e7a p\u00fablica no Brasil e reflita sobre caminhos, estrat\u00e9gias e a\u00e7\u00f5es p\u00fablicas que podem reverter esse quadro em nosso pa\u00eds.<\/p>\n","protected":false},"excerpt":{"rendered":"<p>Andr\u00e9 Salineiro Publisher Intersaberes Overview: Uma das maiores preocupa\u00e7\u00f5es que vivemos hoje no Brasil \u00e9 a falta de seguran\u00e7a. O medo se tornou um sentimento constante do cidad\u00e3o e \u00e9 urgente que o Poder P\u00fablico e a popula\u00e7\u00e3o se organizem na luta contra a viol\u00eancia e a criminalidade. No entanto, como podemos resolver esse problema? Quais pol\u00edticas p\u00fablicas est\u00e3o sendo implementadas nesse sentido? O que podemos aprender com pa\u00edses em&hellip; <\/p>\n","protected":false},"author":3,"featured_media":16023,"comment_status":"open","ping_status":"closed","sticky":false,"template":"","format":"standard","meta":{"footnotes":""},"categories":[6,25],"tags":[],"class_list":["post-16022","post","type-post","status-publish","format-standard","has-post-thumbnail","hentry","category-livros","category-seguranca-publica-e-defesa"],"views":354,"_links":{"self":[{"href":"https:\/\/www.bibliotecadeseguranca.com.br\/en\/wp-json\/wp\/v2\/posts\/16022","targetHints":{"allow":["GET"]}}],"collection":[{"href":"https:\/\/www.bibliotecadeseguranca.com.br\/en\/wp-json\/wp\/v2\/posts"}],"about":[{"href":"https:\/\/www.bibliotecadeseguranca.com.br\/en\/wp-json\/wp\/v2\/types\/post"}],"author":[{"embeddable":true,"href":"https:\/\/www.bibliotecadeseguranca.com.br\/en\/wp-json\/wp\/v2\/users\/3"}],"replies":[{"embeddable":true,"href":"https:\/\/www.bibliotecadeseguranca.com.br\/en\/wp-json\/wp\/v2\/comments?post=16022"}],"version-history":[{"count":1,"href":"https:\/\/www.bibliotecadeseguranca.com.br\/en\/wp-json\/wp\/v2\/posts\/16022\/revisions"}],"predecessor-version":[{"id":16024,"href":"https:\/\/www.bibliotecadeseguranca.com.br\/en\/wp-json\/wp\/v2\/posts\/16022\/revisions\/16024"}],"wp:featuredmedia":[{"embeddable":true,"href":"https:\/\/www.bibliotecadeseguranca.com.br\/en\/wp-json\/wp\/v2\/media\/16023"}],"wp:attachment":[{"href":"https:\/\/www.bibliotecadeseguranca.com.br\/en\/wp-json\/wp\/v2\/media?parent=16022"}],"wp:term":[{"taxonomy":"category","embeddable":true,"href":"https:\/\/www.bibliotecadeseguranca.com.br\/en\/wp-json\/wp\/v2\/categories?post=16022"},{"taxonomy":"post_tag","embeddable":true,"href":"https:\/\/www.bibliotecadeseguranca.com.br\/en\/wp-json\/wp\/v2\/tags?post=16022"}],"curies":[{"name":"wp","href":"https:\/\/api.w.org\/{rel}","templated":true}]}}