{"id":15999,"date":"2019-10-04T14:00:40","date_gmt":"2019-10-04T17:00:40","guid":{"rendered":"https:\/\/www.bibliotecadeseguranca.com.br\/en\/?p=15999"},"modified":"2019-10-04T12:49:11","modified_gmt":"2019-10-04T15:49:11","slug":"comment-vivre-au-temps-du-terrorisme","status":"publish","type":"post","link":"https:\/\/www.bibliotecadeseguranca.com.br\/en\/livros\/comment-vivre-au-temps-du-terrorisme\/","title":{"rendered":"Comment vivre au temps du terrorisme"},"content":{"rendered":"<p><span style=\"color: #003366;\"><strong><img loading=\"lazy\" decoding=\"async\" class=\"alignleft size-full wp-image-16000\" src=\"https:\/\/www.bibliotecadeseguranca.com.br\/en\/wp-content\/uploads\/2019\/10\/comment-vivre-au-temps-du-terrorisme.jpg\" alt=\"Comment vivre au temps du terrorisme\" width=\"145\" height=\"235\" srcset=\"https:\/\/www.bibliotecadeseguranca.com.br\/en\/wp-content\/uploads\/2019\/10\/comment-vivre-au-temps-du-terrorisme.jpg 145w, https:\/\/www.bibliotecadeseguranca.com.br\/en\/wp-content\/uploads\/2019\/10\/comment-vivre-au-temps-du-terrorisme-93x150.jpg 93w\" sizes=\"auto, (max-width: 145px) 100vw, 145px\" \/>Alain Bauer, Fran\u00e7ois Freynet, Christophe Soullez<\/strong><\/span><\/p>\n<p><span style=\"color: #003366;\"><strong>Publisher First<\/strong><\/span><\/p>\n<p><span style=\"color: #003366;\"><strong>Overview:<\/strong><\/span> &#8221; Ce que l&#8217;\u00c9tat Islamique tente d\u00e9sesp\u00e9r\u00e9ment, c&#8217;est affaiblir son adversaire au c\u0153ur. Attaquer la France dans sa diversit\u00e9 et pousser \u00e0 l&#8217;affrontement fait partie de sa strat\u00e9gie.<br \/>\nVoici pourquoi il nous a paru utile de publier ce guide, mi-outil pratique de &#8221; survie en milieu hostile &#8220;, mi-ouvrage permettant de s&#8217;y retrouver dans la confusion ambiante sur un sujet plus complexe qu&#8217;il n&#8217;y para\u00eet. Certains, angoiss\u00e9s devant la multiplication des risques, peuvent avoir raison et appara\u00eetre lucides en parlant de guerre civile. Mais nous ne partageons pas leur pessimisme.<br \/>\nFace au terrorisme, on peut, c&#8217;est naturel, d\u00e9cider de se sauver. Tous les ouvrages et toutes les recommandations le disent : &#8221; S&#8217;\u00e9chapper, se cacher, alerter &#8220;. Mais nous savons aussi que quelques individus plus courageux, des &#8221; h\u00e9ros &#8220;, ont r\u00e9ussi \u00e0 d\u00e9sarmer l&#8217;agresseur du Thalys, abattre deux des terroristes du Bataclan mettant fin au massacre en cours, d\u00e9vier le camion de Nice, etc. Et combien d&#8217;autres inconnus en Occident ont pu sauver des dizaines de vies ? Se sauver sans doute. Mais on peut aussi se demander si on peut sauver les autres.<br \/>\nLa France apprend douloureusement \u00e0 devenir vigilante, r\u00e9siliente. Il lui faudra aussi se montrer r\u00e9sistante. &#8220;<\/p>\n","protected":false},"excerpt":{"rendered":"<p>Alain Bauer, Fran\u00e7ois Freynet, Christophe Soullez Publisher First Overview: &#8221; Ce que l&#8217;\u00c9tat Islamique tente d\u00e9sesp\u00e9r\u00e9ment, c&#8217;est affaiblir son adversaire au c\u0153ur. Attaquer la France dans sa diversit\u00e9 et pousser \u00e0 l&#8217;affrontement fait partie de sa strat\u00e9gie. Voici pourquoi il nous a paru utile de publier ce guide, mi-outil pratique de &#8221; survie en milieu hostile &#8220;, mi-ouvrage permettant de s&#8217;y retrouver dans la confusion ambiante sur un sujet plus&hellip; <\/p>\n","protected":false},"author":3,"featured_media":16000,"comment_status":"open","ping_status":"closed","sticky":false,"template":"","format":"standard","meta":{"footnotes":""},"categories":[6,109,24,25],"tags":[],"class_list":["post-15999","post","type-post","status-publish","format-standard","has-post-thumbnail","hentry","category-livros","category-francais","category-seguranca-pessoal-e-sequestro","category-seguranca-publica-e-defesa"],"views":260,"_links":{"self":[{"href":"https:\/\/www.bibliotecadeseguranca.com.br\/en\/wp-json\/wp\/v2\/posts\/15999","targetHints":{"allow":["GET"]}}],"collection":[{"href":"https:\/\/www.bibliotecadeseguranca.com.br\/en\/wp-json\/wp\/v2\/posts"}],"about":[{"href":"https:\/\/www.bibliotecadeseguranca.com.br\/en\/wp-json\/wp\/v2\/types\/post"}],"author":[{"embeddable":true,"href":"https:\/\/www.bibliotecadeseguranca.com.br\/en\/wp-json\/wp\/v2\/users\/3"}],"replies":[{"embeddable":true,"href":"https:\/\/www.bibliotecadeseguranca.com.br\/en\/wp-json\/wp\/v2\/comments?post=15999"}],"version-history":[{"count":1,"href":"https:\/\/www.bibliotecadeseguranca.com.br\/en\/wp-json\/wp\/v2\/posts\/15999\/revisions"}],"predecessor-version":[{"id":16001,"href":"https:\/\/www.bibliotecadeseguranca.com.br\/en\/wp-json\/wp\/v2\/posts\/15999\/revisions\/16001"}],"wp:featuredmedia":[{"embeddable":true,"href":"https:\/\/www.bibliotecadeseguranca.com.br\/en\/wp-json\/wp\/v2\/media\/16000"}],"wp:attachment":[{"href":"https:\/\/www.bibliotecadeseguranca.com.br\/en\/wp-json\/wp\/v2\/media?parent=15999"}],"wp:term":[{"taxonomy":"category","embeddable":true,"href":"https:\/\/www.bibliotecadeseguranca.com.br\/en\/wp-json\/wp\/v2\/categories?post=15999"},{"taxonomy":"post_tag","embeddable":true,"href":"https:\/\/www.bibliotecadeseguranca.com.br\/en\/wp-json\/wp\/v2\/tags?post=15999"}],"curies":[{"name":"wp","href":"https:\/\/api.w.org\/{rel}","templated":true}]}}