{"id":15968,"date":"2019-09-20T14:00:02","date_gmt":"2019-09-20T17:00:02","guid":{"rendered":"https:\/\/www.bibliotecadeseguranca.com.br\/en\/?p=15968"},"modified":"2019-09-20T13:11:15","modified_gmt":"2019-09-20T16:11:15","slug":"direito-individual-e-seguranca-do-trabalho-para-vigilantes","status":"publish","type":"post","link":"https:\/\/www.bibliotecadeseguranca.com.br\/en\/livros\/direito-individual-e-seguranca-do-trabalho-para-vigilantes\/","title":{"rendered":"Direito Individual e Seguran\u00e7a do Trabalho para Vigilantes"},"content":{"rendered":"<p><span style=\"color: #003366;\"><strong><img loading=\"lazy\" decoding=\"async\" class=\"alignleft size-full wp-image-15969\" src=\"https:\/\/www.bibliotecadeseguranca.com.br\/en\/wp-content\/uploads\/2019\/09\/direito-individual-e-seguranca-do-trabalho-para-vigilantes.jpg\" alt=\"Direito Individual e Seguran\u00e7a do Trabalho para Vigilantes\" width=\"145\" height=\"213\" srcset=\"https:\/\/www.bibliotecadeseguranca.com.br\/en\/wp-content\/uploads\/2019\/09\/direito-individual-e-seguranca-do-trabalho-para-vigilantes.jpg 145w, https:\/\/www.bibliotecadeseguranca.com.br\/en\/wp-content\/uploads\/2019\/09\/direito-individual-e-seguranca-do-trabalho-para-vigilantes-102x150.jpg 102w\" sizes=\"auto, (max-width: 145px) 100vw, 145px\" \/>Jonas Raul Balbinoti, Milena Zwicker, Robert Carlon De Carvalho<\/strong><\/span><\/p>\n<p><span style=\"color: #003366;\"><strong>Publisher InterSaberes<\/strong><\/span><\/p>\n<p><span style=\"color: #003366;\"><strong>Overview:<\/strong><\/span> Os conte\u00fados desta obra s\u00e3o de fundamental import\u00e2ncia para o futuro profissional de seguran\u00e7a privada, pois os conhecimentos de base do direito individual e da seguran\u00e7a do trabalho oferecem mais condi\u00e7\u00f5es para compreender direitos, deveres e responsabilidades trabalhistas e de seguran\u00e7a ocupacional. Acompanhe-nos nesta leitura e conhe\u00e7a os principais fatores que circundam o exerc\u00edcio da fun\u00e7\u00e3o de vigilante, entendendo melhor aspectos como as diversas formas de contrata\u00e7\u00e3o, as jornadas de trabalho, os equipamentos de prote\u00e7\u00e3o individual, as doen\u00e7as decorrentes da ergonomia e muito mais.<\/p>\n","protected":false},"excerpt":{"rendered":"<p>Jonas Raul Balbinoti, Milena Zwicker, Robert Carlon De Carvalho Publisher InterSaberes Overview: Os conte\u00fados desta obra s\u00e3o de fundamental import\u00e2ncia para o futuro profissional de seguran\u00e7a privada, pois os conhecimentos de base do direito individual e da seguran\u00e7a do trabalho oferecem mais condi\u00e7\u00f5es para compreender direitos, deveres e responsabilidades trabalhistas e de seguran\u00e7a ocupacional. Acompanhe-nos nesta leitura e conhe\u00e7a os principais fatores que circundam o exerc\u00edcio da fun\u00e7\u00e3o de vigilante,&hellip; <\/p>\n","protected":false},"author":3,"featured_media":15969,"comment_status":"open","ping_status":"closed","sticky":false,"template":"","format":"standard","meta":{"footnotes":""},"categories":[6,23],"tags":[],"class_list":["post-15968","post","type-post","status-publish","format-standard","has-post-thumbnail","hentry","category-livros","category-enterprise-security-management"],"views":169,"_links":{"self":[{"href":"https:\/\/www.bibliotecadeseguranca.com.br\/en\/wp-json\/wp\/v2\/posts\/15968","targetHints":{"allow":["GET"]}}],"collection":[{"href":"https:\/\/www.bibliotecadeseguranca.com.br\/en\/wp-json\/wp\/v2\/posts"}],"about":[{"href":"https:\/\/www.bibliotecadeseguranca.com.br\/en\/wp-json\/wp\/v2\/types\/post"}],"author":[{"embeddable":true,"href":"https:\/\/www.bibliotecadeseguranca.com.br\/en\/wp-json\/wp\/v2\/users\/3"}],"replies":[{"embeddable":true,"href":"https:\/\/www.bibliotecadeseguranca.com.br\/en\/wp-json\/wp\/v2\/comments?post=15968"}],"version-history":[{"count":1,"href":"https:\/\/www.bibliotecadeseguranca.com.br\/en\/wp-json\/wp\/v2\/posts\/15968\/revisions"}],"predecessor-version":[{"id":15970,"href":"https:\/\/www.bibliotecadeseguranca.com.br\/en\/wp-json\/wp\/v2\/posts\/15968\/revisions\/15970"}],"wp:featuredmedia":[{"embeddable":true,"href":"https:\/\/www.bibliotecadeseguranca.com.br\/en\/wp-json\/wp\/v2\/media\/15969"}],"wp:attachment":[{"href":"https:\/\/www.bibliotecadeseguranca.com.br\/en\/wp-json\/wp\/v2\/media?parent=15968"}],"wp:term":[{"taxonomy":"category","embeddable":true,"href":"https:\/\/www.bibliotecadeseguranca.com.br\/en\/wp-json\/wp\/v2\/categories?post=15968"},{"taxonomy":"post_tag","embeddable":true,"href":"https:\/\/www.bibliotecadeseguranca.com.br\/en\/wp-json\/wp\/v2\/tags?post=15968"}],"curies":[{"name":"wp","href":"https:\/\/api.w.org\/{rel}","templated":true}]}}