{"id":15801,"date":"2019-07-11T14:00:44","date_gmt":"2019-07-11T17:00:44","guid":{"rendered":"https:\/\/www.bibliotecadeseguranca.com.br\/en\/?p=15801"},"modified":"2019-07-11T13:24:10","modified_gmt":"2019-07-11T16:24:10","slug":"manual-de-protecao-passiva-contra-incendios","status":"publish","type":"post","link":"https:\/\/www.bibliotecadeseguranca.com.br\/en\/livros\/manual-de-protecao-passiva-contra-incendios\/","title":{"rendered":"Manual de Prote\u00e7\u00e3o Passiva Contra Inc\u00eandios"},"content":{"rendered":"<p><span style=\"color: #003366;\"><strong><img loading=\"lazy\" decoding=\"async\" class=\"alignleft size-full wp-image-15802\" src=\"https:\/\/www.bibliotecadeseguranca.com.br\/en\/wp-content\/uploads\/2019\/07\/manual-de-protecao-passiva-contra-incendios.jpg\" alt=\"Manual de Prote\u00e7\u00e3o Passiva Contra Inc\u00eandios\" width=\"145\" height=\"203\" srcset=\"https:\/\/www.bibliotecadeseguranca.com.br\/en\/wp-content\/uploads\/2019\/07\/manual-de-protecao-passiva-contra-incendios.jpg 145w, https:\/\/www.bibliotecadeseguranca.com.br\/en\/wp-content\/uploads\/2019\/07\/manual-de-protecao-passiva-contra-incendios-107x150.jpg 107w\" sizes=\"auto, (max-width: 145px) 100vw, 145px\" \/>S\u00e9rgio Pastl<\/strong><\/span><\/p>\n<p><span style=\"color: #003366;\"><strong>Publisher Spazio Italia<\/strong><\/span><\/p>\n<p><span style=\"color: #003366;\"><strong>Overview:<\/strong><\/span> Agora com a Lista de Ocupa\u00e7\u00e3o do Instituto de Resseguro do Brasil &#8211; IRB.<br \/>\nSua leitura permitir\u00e1 aos T\u00e9cnicos e Bombeiros a adequa\u00e7\u00e3o dos pr\u00e9dios \u00e1 resistirem \u00e0 propaga\u00e7\u00e3o de fuma\u00e7a e fogo, adotando medidas de isolamento de risco, conten\u00e7\u00e3o de fuma\u00e7a e uso de mat\u00e9rias retardantes ao fogo.<\/p>\n","protected":false},"excerpt":{"rendered":"<p>S\u00e9rgio Pastl Publisher Spazio Italia Overview: Agora com a Lista de Ocupa\u00e7\u00e3o do Instituto de Resseguro do Brasil &#8211; IRB. Sua leitura permitir\u00e1 aos T\u00e9cnicos e Bombeiros a adequa\u00e7\u00e3o dos pr\u00e9dios \u00e1 resistirem \u00e0 propaga\u00e7\u00e3o de fuma\u00e7a e fogo, adotando medidas de isolamento de risco, conten\u00e7\u00e3o de fuma\u00e7a e uso de mat\u00e9rias retardantes ao fogo.<\/p>\n","protected":false},"author":3,"featured_media":15802,"comment_status":"open","ping_status":"closed","sticky":false,"template":"","format":"standard","meta":{"footnotes":""},"categories":[6,23,17,25,19],"tags":[],"class_list":["post-15801","post","type-post","status-publish","format-standard","has-post-thumbnail","hentry","category-livros","category-enterprise-security-management","category-incendio","category-seguranca-publica-e-defesa","category-risco-e-perdas"],"views":399,"_links":{"self":[{"href":"https:\/\/www.bibliotecadeseguranca.com.br\/en\/wp-json\/wp\/v2\/posts\/15801","targetHints":{"allow":["GET"]}}],"collection":[{"href":"https:\/\/www.bibliotecadeseguranca.com.br\/en\/wp-json\/wp\/v2\/posts"}],"about":[{"href":"https:\/\/www.bibliotecadeseguranca.com.br\/en\/wp-json\/wp\/v2\/types\/post"}],"author":[{"embeddable":true,"href":"https:\/\/www.bibliotecadeseguranca.com.br\/en\/wp-json\/wp\/v2\/users\/3"}],"replies":[{"embeddable":true,"href":"https:\/\/www.bibliotecadeseguranca.com.br\/en\/wp-json\/wp\/v2\/comments?post=15801"}],"version-history":[{"count":1,"href":"https:\/\/www.bibliotecadeseguranca.com.br\/en\/wp-json\/wp\/v2\/posts\/15801\/revisions"}],"predecessor-version":[{"id":15803,"href":"https:\/\/www.bibliotecadeseguranca.com.br\/en\/wp-json\/wp\/v2\/posts\/15801\/revisions\/15803"}],"wp:featuredmedia":[{"embeddable":true,"href":"https:\/\/www.bibliotecadeseguranca.com.br\/en\/wp-json\/wp\/v2\/media\/15802"}],"wp:attachment":[{"href":"https:\/\/www.bibliotecadeseguranca.com.br\/en\/wp-json\/wp\/v2\/media?parent=15801"}],"wp:term":[{"taxonomy":"category","embeddable":true,"href":"https:\/\/www.bibliotecadeseguranca.com.br\/en\/wp-json\/wp\/v2\/categories?post=15801"},{"taxonomy":"post_tag","embeddable":true,"href":"https:\/\/www.bibliotecadeseguranca.com.br\/en\/wp-json\/wp\/v2\/tags?post=15801"}],"curies":[{"name":"wp","href":"https:\/\/api.w.org\/{rel}","templated":true}]}}