{"id":15729,"date":"2019-06-10T14:00:54","date_gmt":"2019-06-10T17:00:54","guid":{"rendered":"https:\/\/www.bibliotecadeseguranca.com.br\/en\/?p=15729"},"modified":"2019-06-10T12:39:41","modified_gmt":"2019-06-10T15:39:41","slug":"jornal-da-seguranca-no-297","status":"publish","type":"post","link":"https:\/\/www.bibliotecadeseguranca.com.br\/en\/periodicos-de-seguranca\/jornal-da-seguranca-no-297\/","title":{"rendered":"Jornal da Seguran\u00e7a \u2013 N\u00ba 297"},"content":{"rendered":"<p><span style=\"color: #003366;\"><strong><img loading=\"lazy\" decoding=\"async\" class=\"alignleft size-full wp-image-15730\" src=\"https:\/\/www.bibliotecadeseguranca.com.br\/en\/wp-content\/uploads\/2019\/06\/jornal-da-seguranca-no-297.jpg\" alt=\"Jornal da Seguran\u00e7a \u2013 N\u00ba 297\" width=\"145\" height=\"205\" srcset=\"https:\/\/www.bibliotecadeseguranca.com.br\/en\/wp-content\/uploads\/2019\/06\/jornal-da-seguranca-no-297.jpg 145w, https:\/\/www.bibliotecadeseguranca.com.br\/en\/wp-content\/uploads\/2019\/06\/jornal-da-seguranca-no-297-106x150.jpg 106w\" sizes=\"auto, (max-width: 145px) 100vw, 145px\" \/>Overview:<\/strong><\/span> Caros amigos, Estamos na Feira EXPOSEC, a 22\u00aa Feira Internacional de Seguran\u00e7a, que al\u00e9m de apresentar muitas novidades e lan\u00e7amentos de produtos, tecnologias e servi\u00e7os, tamb\u00e9m contar\u00e1 com a segunda edi\u00e7\u00e3o do Congresso ESS de Seguran\u00e7a em Hospitalidade e o primeiro Semin\u00e1rio ESS Condom\u00ednio Integrado Muito Al\u00e9m do 4.0 &#8211; Integrando Pessoas e Tecnologias. Os dois eventos s\u00e3o realizados pela ESS &#8211; Escola Superior de Seguran\u00e7a, trazendo renomados profissionais de seguran\u00e7a, especialistas em seus segmentos, que abordar\u00e3o solu\u00e7\u00f5es atuais e tend\u00eancias para os pr\u00f3ximos anos. Nesta edi\u00e7\u00e3o o Dr. Edson Luiz Vitorello em nossa mat\u00e9ria de capa &#8220;JORNADA DE TRABALHO &#8211; As escalas do setor da seguran\u00e7a patrimonial&#8221;, aborda com propriedade \u00fanica todas as implica\u00e7\u00f5es de cada escala de trabalho para as empresas e seus colaboradores. Emir Pinho, membro de nosso Conselho Editorial, real\u00e7a em seu artigo &#8220;A Transforma\u00e7\u00e3o Digital na mesa do CEO&#8221;, as mudan\u00e7as e aten\u00e7\u00f5es que os tomadores de decis\u00f5es precisam entender para agir r\u00e1pida e adequamente para garantirem as efici\u00eancia de suas empresas e n\u00e3o perderem espa\u00e7o para a concorr\u00eancia. Prof. Eng. \u00c9dson Menezes, membro de nosso Conselho Editorial, desmistifica em seu artigo &#8220;Reconhecimento Facial&#8221;, o que de fato esta tecnologia j\u00e1 consegue fazer e os desafios desta fascinante tecnologia. Prof. Humberto Ferreira Ori\u00e1 Filho, membro de nosso Conselho Editorial, em seu artigo &#8220;Como se prevenir de fraudes&#8221;, nos detalha quais a\u00e7\u00f5es podem ser adotadas para evit\u00e1-las. Excelentes artigos de profissionais de alt\u00edssimo n\u00edvel.<\/p>\n<p>Boa leitura!<\/p>\n<p>Aureo Miraglia de Almeida<\/p>\n<p><a href=\"https:\/\/www.bibliotecadeseguranca.com.br\/wp-content\/uploads\/2019\/06\/jornal-da-seguranca-no-297.pdf\" target=\"_blank\" rel=\"noopener\"><img loading=\"lazy\" decoding=\"async\" class=\"alignleft wp-image-11251 size-full\" src=\"https:\/\/www.bibliotecadeseguranca.com.br\/en\/wp-content\/uploads\/2014\/08\/download.gif\" alt=\"Download\" width=\"89\" height=\"25\" \/><\/a><\/p>\n","protected":false},"excerpt":{"rendered":"<p>Overview: Caros amigos, Estamos na Feira EXPOSEC, a 22\u00aa Feira Internacional de Seguran\u00e7a, que al\u00e9m de apresentar muitas novidades e lan\u00e7amentos de produtos, tecnologias e servi\u00e7os, tamb\u00e9m contar\u00e1 com a segunda edi\u00e7\u00e3o do Congresso ESS de Seguran\u00e7a em Hospitalidade e o primeiro Semin\u00e1rio ESS Condom\u00ednio Integrado Muito Al\u00e9m do 4.0 &#8211; Integrando Pessoas e Tecnologias. Os dois eventos s\u00e3o realizados pela ESS &#8211; Escola Superior de Seguran\u00e7a, trazendo renomados profissionais&hellip; <\/p>\n","protected":false},"author":3,"featured_media":15730,"comment_status":"open","ping_status":"closed","sticky":false,"template":"","format":"standard","meta":{"footnotes":""},"categories":[112,71,122],"tags":[],"class_list":["post-15729","post","type-post","status-publish","format-standard","has-post-thumbnail","hentry","category-download","category-periodicos-de-seguranca","category-jornal-da-seguranca"],"views":330,"_links":{"self":[{"href":"https:\/\/www.bibliotecadeseguranca.com.br\/en\/wp-json\/wp\/v2\/posts\/15729","targetHints":{"allow":["GET"]}}],"collection":[{"href":"https:\/\/www.bibliotecadeseguranca.com.br\/en\/wp-json\/wp\/v2\/posts"}],"about":[{"href":"https:\/\/www.bibliotecadeseguranca.com.br\/en\/wp-json\/wp\/v2\/types\/post"}],"author":[{"embeddable":true,"href":"https:\/\/www.bibliotecadeseguranca.com.br\/en\/wp-json\/wp\/v2\/users\/3"}],"replies":[{"embeddable":true,"href":"https:\/\/www.bibliotecadeseguranca.com.br\/en\/wp-json\/wp\/v2\/comments?post=15729"}],"version-history":[{"count":1,"href":"https:\/\/www.bibliotecadeseguranca.com.br\/en\/wp-json\/wp\/v2\/posts\/15729\/revisions"}],"predecessor-version":[{"id":15731,"href":"https:\/\/www.bibliotecadeseguranca.com.br\/en\/wp-json\/wp\/v2\/posts\/15729\/revisions\/15731"}],"wp:featuredmedia":[{"embeddable":true,"href":"https:\/\/www.bibliotecadeseguranca.com.br\/en\/wp-json\/wp\/v2\/media\/15730"}],"wp:attachment":[{"href":"https:\/\/www.bibliotecadeseguranca.com.br\/en\/wp-json\/wp\/v2\/media?parent=15729"}],"wp:term":[{"taxonomy":"category","embeddable":true,"href":"https:\/\/www.bibliotecadeseguranca.com.br\/en\/wp-json\/wp\/v2\/categories?post=15729"},{"taxonomy":"post_tag","embeddable":true,"href":"https:\/\/www.bibliotecadeseguranca.com.br\/en\/wp-json\/wp\/v2\/tags?post=15729"}],"curies":[{"name":"wp","href":"https:\/\/api.w.org\/{rel}","templated":true}]}}