{"id":15610,"date":"2019-04-18T14:00:41","date_gmt":"2019-04-18T17:00:41","guid":{"rendered":"http:\/\/www.bibliotecadeseguranca.com.br\/en\/?p=15610"},"modified":"2019-04-18T12:51:29","modified_gmt":"2019-04-18T15:51:29","slug":"inteligencia-competitiva-aplicacoes-estrategicas-e-mercadologicas","status":"publish","type":"post","link":"https:\/\/www.bibliotecadeseguranca.com.br\/en\/livros\/inteligencia-competitiva-aplicacoes-estrategicas-e-mercadologicas\/","title":{"rendered":"Intelig\u00eancia Competitiva &#8211; Aplica\u00e7\u00f5es Estrat\u00e9gicas e Mercadol\u00f3gicas"},"content":{"rendered":"<p><span style=\"color: #003366;\"><strong><img loading=\"lazy\" decoding=\"async\" class=\"alignleft size-full wp-image-15611\" src=\"http:\/\/www.bibliotecadeseguranca.com.br\/en\/wp-content\/uploads\/2019\/04\/inteligencia-competitiva-aplicacoes-estrategicas-e-mercadologicas.jpg\" alt=\"Intelig\u00eancia Competitiva - Aplica\u00e7\u00f5es Estrat\u00e9gicas e Mercadol\u00f3gicas\" width=\"145\" height=\"197\" srcset=\"https:\/\/www.bibliotecadeseguranca.com.br\/en\/wp-content\/uploads\/2019\/04\/inteligencia-competitiva-aplicacoes-estrategicas-e-mercadologicas.jpg 145w, https:\/\/www.bibliotecadeseguranca.com.br\/en\/wp-content\/uploads\/2019\/04\/inteligencia-competitiva-aplicacoes-estrategicas-e-mercadologicas-110x150.jpg 110w\" sizes=\"auto, (max-width: 145px) 100vw, 145px\" \/>Frederico Vidigal<\/strong><\/span><\/p>\n<p><span style=\"color: #003366;\"><strong>Publisher Appris<\/strong><\/span><\/p>\n<p><span style=\"color: #003366;\"><strong>Overview:<\/strong><\/span> A pr\u00e1tica da Intelig\u00eancia Competitiva permite \u00e0s organiza\u00e7\u00f5es desenvolver uma cultura de busca por informa\u00e7\u00f5es, que efetivamente subsidiem as suas estrat\u00e9gias. Diante das turbul\u00eancias de mercado, das novas demandas emergentes da sociedade, das particularidades de clientes e dos concorrentes, bem como das vari\u00e1veis macroambientais ou eventos oriundos do ambiente &#8211; que podem ser vistos como vari\u00e1veis incontrol\u00e1veis -, potencializa-se a necessidade de monitorar a\u00e7\u00f5es no sentido de prever poss\u00edveis amea\u00e7as e oportunidades. Diante desse quadro, \u201cIntelig\u00eancia Competitiva: Aplica\u00e7\u00f5es Estrat\u00e9gicas E Mercadol\u00f3gicas\u201d re\u00fane diversos aspectos aplicados \u00e0 realidade empresarial, como: a gera\u00e7\u00e3o da estrat\u00e9gia de Intelig\u00eancia Competitiva; o uso da estrat\u00e9gia e sua conex\u00e3o com Intelig\u00eancia Competitiva e sua utiliza\u00e7\u00e3o em empresas exportadoras e multinacionais; a dissemina\u00e7\u00e3o da Intelig\u00eancia Competitiva no contexto empresarial; a rela\u00e7\u00e3o de Intelig\u00eancia Competitiva com a Vig\u00edlia Tecnol\u00f3gica; a import\u00e2ncia dos documentos para a Intelig\u00eancia Competitiva; as diferentes pr\u00e1ticas adotadas em Intelig\u00eancia Competitiva entre \u00c1sia e ocidente; o impacto de Intelig\u00eancia Competitiva nas mudan\u00e7as em micro e pequenas empresas; os m\u00e9todos empregados por empresas que perseguem a competitividade; as pr\u00e1ticas adotadas no \u00e2mbito da Intelig\u00eancia de Mercado e as diferentes fontes de informa\u00e7\u00e3o exploradas a partir da pr\u00e1tica da Vigil\u00e2ncia Tecnol\u00f3gica e Intelig\u00eancia Competitiva, no sentido amplo. Al\u00e9m dos resultados emp\u00edricos extra\u00eddos em campo a partir de experi\u00eancias de empresas que atuam em ambientes de alta complexidade e competi\u00e7\u00e3o, a obra oportuniza o acesso a um amplo material compilado em bibliografia nacional e internacional.<\/p>\n","protected":false},"excerpt":{"rendered":"<p>Frederico Vidigal Publisher Appris Overview: A pr\u00e1tica da Intelig\u00eancia Competitiva permite \u00e0s organiza\u00e7\u00f5es desenvolver uma cultura de busca por informa\u00e7\u00f5es, que efetivamente subsidiem as suas estrat\u00e9gias. Diante das turbul\u00eancias de mercado, das novas demandas emergentes da sociedade, das particularidades de clientes e dos concorrentes, bem como das vari\u00e1veis macroambientais ou eventos oriundos do ambiente &#8211; que podem ser vistos como vari\u00e1veis incontrol\u00e1veis -, potencializa-se a necessidade de monitorar a\u00e7\u00f5es no&hellip; <\/p>\n","protected":false},"author":3,"featured_media":15611,"comment_status":"open","ping_status":"closed","sticky":false,"template":"","format":"standard","meta":{"footnotes":""},"categories":[6,30],"tags":[],"class_list":["post-15610","post","type-post","status-publish","format-standard","has-post-thumbnail","hentry","category-livros","category-espionagem-e-inteligencia-competitiva"],"views":461,"_links":{"self":[{"href":"https:\/\/www.bibliotecadeseguranca.com.br\/en\/wp-json\/wp\/v2\/posts\/15610","targetHints":{"allow":["GET"]}}],"collection":[{"href":"https:\/\/www.bibliotecadeseguranca.com.br\/en\/wp-json\/wp\/v2\/posts"}],"about":[{"href":"https:\/\/www.bibliotecadeseguranca.com.br\/en\/wp-json\/wp\/v2\/types\/post"}],"author":[{"embeddable":true,"href":"https:\/\/www.bibliotecadeseguranca.com.br\/en\/wp-json\/wp\/v2\/users\/3"}],"replies":[{"embeddable":true,"href":"https:\/\/www.bibliotecadeseguranca.com.br\/en\/wp-json\/wp\/v2\/comments?post=15610"}],"version-history":[{"count":1,"href":"https:\/\/www.bibliotecadeseguranca.com.br\/en\/wp-json\/wp\/v2\/posts\/15610\/revisions"}],"predecessor-version":[{"id":15612,"href":"https:\/\/www.bibliotecadeseguranca.com.br\/en\/wp-json\/wp\/v2\/posts\/15610\/revisions\/15612"}],"wp:featuredmedia":[{"embeddable":true,"href":"https:\/\/www.bibliotecadeseguranca.com.br\/en\/wp-json\/wp\/v2\/media\/15611"}],"wp:attachment":[{"href":"https:\/\/www.bibliotecadeseguranca.com.br\/en\/wp-json\/wp\/v2\/media?parent=15610"}],"wp:term":[{"taxonomy":"category","embeddable":true,"href":"https:\/\/www.bibliotecadeseguranca.com.br\/en\/wp-json\/wp\/v2\/categories?post=15610"},{"taxonomy":"post_tag","embeddable":true,"href":"https:\/\/www.bibliotecadeseguranca.com.br\/en\/wp-json\/wp\/v2\/tags?post=15610"}],"curies":[{"name":"wp","href":"https:\/\/api.w.org\/{rel}","templated":true}]}}