{"id":15467,"date":"2019-03-08T14:00:48","date_gmt":"2019-03-08T17:00:48","guid":{"rendered":"http:\/\/www.bibliotecadeseguranca.com.br\/en\/?p=15467"},"modified":"2019-03-08T13:26:05","modified_gmt":"2019-03-08T16:26:05","slug":"operacoes-especiais-de-policia-judiciaria","status":"publish","type":"post","link":"https:\/\/www.bibliotecadeseguranca.com.br\/en\/livros\/operacoes-especiais-de-policia-judiciaria\/","title":{"rendered":"Opera\u00e7\u00f5es Especiais de Pol\u00edcia Judici\u00e1ria"},"content":{"rendered":"<p><span style=\"color: #003366;\"><strong><img loading=\"lazy\" decoding=\"async\" class=\"alignleft size-full wp-image-15468\" src=\"http:\/\/www.bibliotecadeseguranca.com.br\/en\/wp-content\/uploads\/2019\/03\/operacoes-especiais-de-policia-judiciaria.jpg\" alt=\"Opera\u00e7\u00f5es Especiais de Pol\u00edcia Judici\u00e1ria\" width=\"145\" height=\"223\" srcset=\"https:\/\/www.bibliotecadeseguranca.com.br\/en\/wp-content\/uploads\/2019\/03\/operacoes-especiais-de-policia-judiciaria.jpg 145w, https:\/\/www.bibliotecadeseguranca.com.br\/en\/wp-content\/uploads\/2019\/03\/operacoes-especiais-de-policia-judiciaria-98x150.jpg 98w\" sizes=\"auto, (max-width: 145px) 100vw, 145px\" \/>\u00c9lzio Vicente da Silva<\/strong><\/span><\/p>\n<p><span style=\"color: #003366;\"><strong>Publisher Novo S\u00e9culo<\/strong><\/span><\/p>\n<p><span style=\"color: #003366;\"><strong>Overview:<\/strong><\/span> O que recentes atentados terroristas na Europa t\u00eam em comum com as rotineiras ondas de ataque praticadas por fac\u00e7\u00f5es criminosas no Brasil, atingindo for\u00e7as policiais, meios de transporte e civis inocentes?<br \/>\nA obra mostra que os autores desses atos seguem um conjunto de fases definido como Ciclo de Planejamento Hostil, inerente a todo ataque violento, especialmente os terroristas.<br \/>\nMais: observa-se que tais pessoas t\u00eam se articulado para operar e infligir terror em seus pr\u00f3prios pa\u00edses de resid\u00eancia, por meio de redes de contato dom\u00e9sticas e aproveitando a vulnerabilidade dos socialmente exclu\u00eddos, principalmente imigrantes.<br \/>\nO autor apresenta diversos estudos de caso e prop\u00f5e o emprego investiga\u00e7\u00e3o policial realizada na forma de projetos como meio mais eficaz de romper esses processos de planejamento, prepara\u00e7\u00e3o e execu\u00e7\u00e3o de atos violentos. Tais projetos comp\u00f5em as chamadas opera\u00e7\u00f5es especiais de Pol\u00edcia Judici\u00e1ria.<br \/>\nAo mesmo tempo que prop\u00f5e o uso mais agressivo de t\u00e9cnicas intrusivas voltadas \u00e0 obten\u00e7\u00e3o de prova, defende que a Pol\u00edcia atue tamb\u00e9m como primeira asseguradora dos direitos e garantias do cidad\u00e3o investigado.<br \/>\nCom uma narrativa que mistura a mais recente doutrina de enfrentamento \u00e0s organiza\u00e7\u00f5es criminosas violentas pelo Estado\u2011Pol\u00edcia com relatos detalhados de a\u00e7\u00f5es policiais reais, o livro conduz o leitor pelo intrigante universo das opera\u00e7\u00f5es encobertas.<\/p>\n","protected":false},"excerpt":{"rendered":"<p>\u00c9lzio Vicente da Silva Publisher Novo S\u00e9culo Overview: O que recentes atentados terroristas na Europa t\u00eam em comum com as rotineiras ondas de ataque praticadas por fac\u00e7\u00f5es criminosas no Brasil, atingindo for\u00e7as policiais, meios de transporte e civis inocentes? A obra mostra que os autores desses atos seguem um conjunto de fases definido como Ciclo de Planejamento Hostil, inerente a todo ataque violento, especialmente os terroristas. Mais: observa-se que tais&hellip; <\/p>\n","protected":false},"author":3,"featured_media":15468,"comment_status":"open","ping_status":"closed","sticky":false,"template":"","format":"standard","meta":{"footnotes":""},"categories":[6,25],"tags":[],"class_list":["post-15467","post","type-post","status-publish","format-standard","has-post-thumbnail","hentry","category-livros","category-seguranca-publica-e-defesa"],"views":221,"_links":{"self":[{"href":"https:\/\/www.bibliotecadeseguranca.com.br\/en\/wp-json\/wp\/v2\/posts\/15467","targetHints":{"allow":["GET"]}}],"collection":[{"href":"https:\/\/www.bibliotecadeseguranca.com.br\/en\/wp-json\/wp\/v2\/posts"}],"about":[{"href":"https:\/\/www.bibliotecadeseguranca.com.br\/en\/wp-json\/wp\/v2\/types\/post"}],"author":[{"embeddable":true,"href":"https:\/\/www.bibliotecadeseguranca.com.br\/en\/wp-json\/wp\/v2\/users\/3"}],"replies":[{"embeddable":true,"href":"https:\/\/www.bibliotecadeseguranca.com.br\/en\/wp-json\/wp\/v2\/comments?post=15467"}],"version-history":[{"count":1,"href":"https:\/\/www.bibliotecadeseguranca.com.br\/en\/wp-json\/wp\/v2\/posts\/15467\/revisions"}],"predecessor-version":[{"id":15469,"href":"https:\/\/www.bibliotecadeseguranca.com.br\/en\/wp-json\/wp\/v2\/posts\/15467\/revisions\/15469"}],"wp:featuredmedia":[{"embeddable":true,"href":"https:\/\/www.bibliotecadeseguranca.com.br\/en\/wp-json\/wp\/v2\/media\/15468"}],"wp:attachment":[{"href":"https:\/\/www.bibliotecadeseguranca.com.br\/en\/wp-json\/wp\/v2\/media?parent=15467"}],"wp:term":[{"taxonomy":"category","embeddable":true,"href":"https:\/\/www.bibliotecadeseguranca.com.br\/en\/wp-json\/wp\/v2\/categories?post=15467"},{"taxonomy":"post_tag","embeddable":true,"href":"https:\/\/www.bibliotecadeseguranca.com.br\/en\/wp-json\/wp\/v2\/tags?post=15467"}],"curies":[{"name":"wp","href":"https:\/\/api.w.org\/{rel}","templated":true}]}}