{"id":15445,"date":"2019-02-22T14:00:28","date_gmt":"2019-02-22T17:00:28","guid":{"rendered":"http:\/\/www.bibliotecadeseguranca.com.br\/en\/?p=15445"},"modified":"2019-02-22T13:38:12","modified_gmt":"2019-02-22T16:38:12","slug":"perspectivas-e-debates-em-seguranca-defesa-e-relacoes-internacionais","status":"publish","type":"post","link":"https:\/\/www.bibliotecadeseguranca.com.br\/en\/livros\/perspectivas-e-debates-em-seguranca-defesa-e-relacoes-internacionais\/","title":{"rendered":"Perspectivas e Debates em Seguran\u00e7a, Defesa e Rela\u00e7\u00f5es Internacionais"},"content":{"rendered":"<p><span style=\"color: #003366;\"><strong><img loading=\"lazy\" decoding=\"async\" class=\"alignleft size-full wp-image-15446\" src=\"http:\/\/www.bibliotecadeseguranca.com.br\/en\/wp-content\/uploads\/2019\/02\/perspectivas-e-debates-em-seguranca-defesa-e-relacoes-internacionais.jpg\" alt=\"Perspectivas e Debates em Seguran\u00e7a, Defesa e Rela\u00e7\u00f5es Internacionais\" width=\"145\" height=\"204\" srcset=\"https:\/\/www.bibliotecadeseguranca.com.br\/en\/wp-content\/uploads\/2019\/02\/perspectivas-e-debates-em-seguranca-defesa-e-relacoes-internacionais.jpg 145w, https:\/\/www.bibliotecadeseguranca.com.br\/en\/wp-content\/uploads\/2019\/02\/perspectivas-e-debates-em-seguranca-defesa-e-relacoes-internacionais-107x150.jpg 107w\" sizes=\"auto, (max-width: 145px) 100vw, 145px\" \/>Daniel Chaves<\/strong><\/span><\/p>\n<p><span style=\"color: #003366;\"><strong>Publisher Autografia<\/strong><\/span><\/p>\n<p><span style=\"color: #003366;\"><strong>Overview:<\/strong><\/span> O livro que ora apresentamos, uma obra coletiva de jovens pesquisadores de alta qualifica\u00e7\u00e3o, representa um not\u00e1vel avan\u00e7o nos estudos dos assuntos militares, de defesa e de seguran\u00e7a no Brasil. \u00c9 neste contexto que saudamos com alegria o novo livroem pauta, organizado por Daniel Chaves, Erica Winand e Lucas Pinheiro. Trata-se de um conjunto de artigos, fortemente embasados em pesquisas, com um coerente e indispens\u00e1vel quadro te\u00f3rico, voltado para um debate sobre assuntos militares, seguran\u00e7a e defesa que rompe com o provincianismo tradicional \u2013 outro mal paralisante de tais estudos no Brasil \u2013, abordando e comparando situa\u00e7\u00f5es internacionais e locais, e abre perspectivas para um debate seminal no novo campo. &#8211; Francisco Carlos Teixeira da Silva<\/p>\n","protected":false},"excerpt":{"rendered":"<p>Daniel Chaves Publisher Autografia Overview: O livro que ora apresentamos, uma obra coletiva de jovens pesquisadores de alta qualifica\u00e7\u00e3o, representa um not\u00e1vel avan\u00e7o nos estudos dos assuntos militares, de defesa e de seguran\u00e7a no Brasil. \u00c9 neste contexto que saudamos com alegria o novo livroem pauta, organizado por Daniel Chaves, Erica Winand e Lucas Pinheiro. Trata-se de um conjunto de artigos, fortemente embasados em pesquisas, com um coerente e indispens\u00e1vel&hellip; <\/p>\n","protected":false},"author":3,"featured_media":15446,"comment_status":"open","ping_status":"closed","sticky":false,"template":"","format":"standard","meta":{"footnotes":""},"categories":[6,25],"tags":[],"class_list":["post-15445","post","type-post","status-publish","format-standard","has-post-thumbnail","hentry","category-livros","category-seguranca-publica-e-defesa"],"views":341,"_links":{"self":[{"href":"https:\/\/www.bibliotecadeseguranca.com.br\/en\/wp-json\/wp\/v2\/posts\/15445","targetHints":{"allow":["GET"]}}],"collection":[{"href":"https:\/\/www.bibliotecadeseguranca.com.br\/en\/wp-json\/wp\/v2\/posts"}],"about":[{"href":"https:\/\/www.bibliotecadeseguranca.com.br\/en\/wp-json\/wp\/v2\/types\/post"}],"author":[{"embeddable":true,"href":"https:\/\/www.bibliotecadeseguranca.com.br\/en\/wp-json\/wp\/v2\/users\/3"}],"replies":[{"embeddable":true,"href":"https:\/\/www.bibliotecadeseguranca.com.br\/en\/wp-json\/wp\/v2\/comments?post=15445"}],"version-history":[{"count":1,"href":"https:\/\/www.bibliotecadeseguranca.com.br\/en\/wp-json\/wp\/v2\/posts\/15445\/revisions"}],"predecessor-version":[{"id":15447,"href":"https:\/\/www.bibliotecadeseguranca.com.br\/en\/wp-json\/wp\/v2\/posts\/15445\/revisions\/15447"}],"wp:featuredmedia":[{"embeddable":true,"href":"https:\/\/www.bibliotecadeseguranca.com.br\/en\/wp-json\/wp\/v2\/media\/15446"}],"wp:attachment":[{"href":"https:\/\/www.bibliotecadeseguranca.com.br\/en\/wp-json\/wp\/v2\/media?parent=15445"}],"wp:term":[{"taxonomy":"category","embeddable":true,"href":"https:\/\/www.bibliotecadeseguranca.com.br\/en\/wp-json\/wp\/v2\/categories?post=15445"},{"taxonomy":"post_tag","embeddable":true,"href":"https:\/\/www.bibliotecadeseguranca.com.br\/en\/wp-json\/wp\/v2\/tags?post=15445"}],"curies":[{"name":"wp","href":"https:\/\/api.w.org\/{rel}","templated":true}]}}