{"id":15052,"date":"2018-08-28T14:00:06","date_gmt":"2018-08-28T17:00:06","guid":{"rendered":"http:\/\/www.bibliotecadeseguranca.com.br\/en\/?p=15052"},"modified":"2018-08-28T11:58:45","modified_gmt":"2018-08-28T14:58:45","slug":"construccion-de-ciudadania-violencia-y-seguridad-publica-en-mexico","status":"publish","type":"post","link":"https:\/\/www.bibliotecadeseguranca.com.br\/en\/livros\/construccion-de-ciudadania-violencia-y-seguridad-publica-en-mexico\/","title":{"rendered":"Construcci\u00f3n de ciudadan\u00eda, violencia y seguridad p\u00fablica en M\u00e9xico"},"content":{"rendered":"<p><span style=\"color: #003366;\"><strong><img loading=\"lazy\" decoding=\"async\" class=\"alignleft size-full wp-image-15053\" src=\"http:\/\/www.bibliotecadeseguranca.com.br\/en\/wp-content\/uploads\/2018\/08\/construccion-de-ciudadania-violencia-y-seguridad-publica-en-mexico.jpg\" alt=\"Construcci\u00f3n de ciudadan\u00eda, violencia y seguridad p\u00fablica en M\u00e9xico\" width=\"145\" height=\"213\" srcset=\"https:\/\/www.bibliotecadeseguranca.com.br\/en\/wp-content\/uploads\/2018\/08\/construccion-de-ciudadania-violencia-y-seguridad-publica-en-mexico.jpg 145w, https:\/\/www.bibliotecadeseguranca.com.br\/en\/wp-content\/uploads\/2018\/08\/construccion-de-ciudadania-violencia-y-seguridad-publica-en-mexico-102x150.jpg 102w\" sizes=\"auto, (max-width: 145px) 100vw, 145px\" \/>Alejandro S\u00e1nchez Guerrero<\/strong><\/span><\/p>\n<p><span style=\"color: #003366;\"><strong>Publisher EAE<\/strong><\/span><\/p>\n<p><span style=\"color: #003366;\"><strong>Overview:<\/strong><\/span> En la \u00faltima d\u00e9cada el tema de la seguridad p\u00fablica en M\u00e9xico ha tomado un significado muy particular derivado de los distintos fen\u00f3menos sociales, econ\u00f3micos y pol\u00edticos que han aparecido en escena a partir de una clara estrategia de seguridad nacional, centrada en la confrontaci\u00f3n directa a grupos de crimen organizado con una intensidad cambiante y heterog\u00e9nea en el pa\u00eds. En este periodo la violencia ha adquirido otros matices de crueldad y acci\u00f3n medi\u00e1tica que han influido de manera importante en la forma en que los ciudadanos perciben su seguridad y el nivel de violencia al cual pueden estar expuestos todos los d\u00edas. Esta percepci\u00f3n ha alterado sustancialmente las pr\u00e1cticas de convivencia cotidiana; por ello, resulta importante para esta investigaci\u00f3n indagar la forma en que estos cambios han generado una determinada din\u00e1mica de construcci\u00f3n ciudadana y conocer cu\u00e1les son sus implicaciones en la puesta en marcha del programa nacional de prevenci\u00f3n social de la violencia y la delincuencia, en lo cual podr\u00eda estar parte de la respuesta que ayude a motivar la coparticipaci\u00f3n de las comunidades en un proyecto de Estado que realmente garantice la seguridad ciudadana.<\/p>\n","protected":false},"excerpt":{"rendered":"<p>Alejandro S\u00e1nchez Guerrero Publisher EAE Overview: En la \u00faltima d\u00e9cada el tema de la seguridad p\u00fablica en M\u00e9xico ha tomado un significado muy particular derivado de los distintos fen\u00f3menos sociales, econ\u00f3micos y pol\u00edticos que han aparecido en escena a partir de una clara estrategia de seguridad nacional, centrada en la confrontaci\u00f3n directa a grupos de crimen organizado con una intensidad cambiante y heterog\u00e9nea en el pa\u00eds. En este periodo la&hellip; <\/p>\n","protected":false},"author":3,"featured_media":15053,"comment_status":"open","ping_status":"closed","sticky":false,"template":"","format":"standard","meta":{"footnotes":""},"categories":[6,81,25],"tags":[],"class_list":["post-15052","post","type-post","status-publish","format-standard","has-post-thumbnail","hentry","category-livros","category-espanol","category-seguranca-publica-e-defesa"],"views":310,"_links":{"self":[{"href":"https:\/\/www.bibliotecadeseguranca.com.br\/en\/wp-json\/wp\/v2\/posts\/15052","targetHints":{"allow":["GET"]}}],"collection":[{"href":"https:\/\/www.bibliotecadeseguranca.com.br\/en\/wp-json\/wp\/v2\/posts"}],"about":[{"href":"https:\/\/www.bibliotecadeseguranca.com.br\/en\/wp-json\/wp\/v2\/types\/post"}],"author":[{"embeddable":true,"href":"https:\/\/www.bibliotecadeseguranca.com.br\/en\/wp-json\/wp\/v2\/users\/3"}],"replies":[{"embeddable":true,"href":"https:\/\/www.bibliotecadeseguranca.com.br\/en\/wp-json\/wp\/v2\/comments?post=15052"}],"version-history":[{"count":1,"href":"https:\/\/www.bibliotecadeseguranca.com.br\/en\/wp-json\/wp\/v2\/posts\/15052\/revisions"}],"predecessor-version":[{"id":15054,"href":"https:\/\/www.bibliotecadeseguranca.com.br\/en\/wp-json\/wp\/v2\/posts\/15052\/revisions\/15054"}],"wp:featuredmedia":[{"embeddable":true,"href":"https:\/\/www.bibliotecadeseguranca.com.br\/en\/wp-json\/wp\/v2\/media\/15053"}],"wp:attachment":[{"href":"https:\/\/www.bibliotecadeseguranca.com.br\/en\/wp-json\/wp\/v2\/media?parent=15052"}],"wp:term":[{"taxonomy":"category","embeddable":true,"href":"https:\/\/www.bibliotecadeseguranca.com.br\/en\/wp-json\/wp\/v2\/categories?post=15052"},{"taxonomy":"post_tag","embeddable":true,"href":"https:\/\/www.bibliotecadeseguranca.com.br\/en\/wp-json\/wp\/v2\/tags?post=15052"}],"curies":[{"name":"wp","href":"https:\/\/api.w.org\/{rel}","templated":true}]}}