{"id":14930,"date":"2018-07-09T14:00:46","date_gmt":"2018-07-09T17:00:46","guid":{"rendered":"http:\/\/www.bibliotecadeseguranca.com.br\/en\/?p=14930"},"modified":"2018-07-09T12:50:07","modified_gmt":"2018-07-09T15:50:07","slug":"repressao-penal-e-crime-organizado","status":"publish","type":"post","link":"https:\/\/www.bibliotecadeseguranca.com.br\/en\/livros\/repressao-penal-e-crime-organizado\/","title":{"rendered":"Repress\u00e3o Penal e Crime Organizado"},"content":{"rendered":"<p><span style=\"color: #003366;\"><strong><img loading=\"lazy\" decoding=\"async\" class=\"alignleft size-full wp-image-14931\" src=\"http:\/\/www.bibliotecadeseguranca.com.br\/en\/wp-content\/uploads\/2018\/07\/repressao-penal-e-crime-organizado.jpg\" alt=\"Repress\u00e3o Penal e Crime Organizado\" width=\"145\" height=\"218\" srcset=\"https:\/\/www.bibliotecadeseguranca.com.br\/en\/wp-content\/uploads\/2018\/07\/repressao-penal-e-crime-organizado.jpg 145w, https:\/\/www.bibliotecadeseguranca.com.br\/en\/wp-content\/uploads\/2018\/07\/repressao-penal-e-crime-organizado-100x150.jpg 100w\" sizes=\"auto, (max-width: 145px) 100vw, 145px\" \/>Lu\u00eds Geraldo Sant&#8217;Ana Lanfredi, Ot\u00e1vio Augusto de Almeida Toledo, Luciano Nascimento Silva, Luciano Anderson de Souza<\/strong><\/span><\/p>\n<p><span style=\"color: #003366;\"><strong>Publisher Quartier Latin<\/strong><\/span><\/p>\n<p><span style=\"color: #003366;\"><strong>Overview:<\/strong><\/span> Repress\u00e3o Penal e Crime Organizado &#8211; Os novos rumos da pol\u00edtica criminal ap\u00f3s o 11 de setembro tem como coordenadores por Lu\u00eds Geraldo Sant&#8217;Ana Lanfredi, Ot\u00e1vio Augusto de Almeida Toledo, Luciano Nascimento Silva e Luciano Anderson de Souza. Esta obra apresenta nove artigos de variados autores, resultantes do Semin\u00e1rio &#8216;Di\u00e1logos Internacionais de Direito e Processo Penal&#8217; &#8211; Os rumos da pol\u00edtica criminal cinco anos depois do 11 de Setembro, realizado em 2006. Os textos abordam, essencialmente, o fen\u00f4meno dual da criminalidade hodierna &#8211; o terrorismo e a criminalidade organizada, potencializados ap\u00f3s o 11 de setembro de 2001.<\/p>\n","protected":false},"excerpt":{"rendered":"<p>Lu\u00eds Geraldo Sant&#8217;Ana Lanfredi, Ot\u00e1vio Augusto de Almeida Toledo, Luciano Nascimento Silva, Luciano Anderson de Souza Publisher Quartier Latin Overview: Repress\u00e3o Penal e Crime Organizado &#8211; Os novos rumos da pol\u00edtica criminal ap\u00f3s o 11 de setembro tem como coordenadores por Lu\u00eds Geraldo Sant&#8217;Ana Lanfredi, Ot\u00e1vio Augusto de Almeida Toledo, Luciano Nascimento Silva e Luciano Anderson de Souza. Esta obra apresenta nove artigos de variados autores, resultantes do Semin\u00e1rio &#8216;Di\u00e1logos&hellip; <\/p>\n","protected":false},"author":3,"featured_media":14931,"comment_status":"open","ping_status":"closed","sticky":false,"template":"","format":"standard","meta":{"footnotes":""},"categories":[6,10,25],"tags":[],"class_list":["post-14930","post","type-post","status-publish","format-standard","has-post-thumbnail","hentry","category-livros","category-crime-violencia-e-criminologia","category-seguranca-publica-e-defesa"],"views":334,"_links":{"self":[{"href":"https:\/\/www.bibliotecadeseguranca.com.br\/en\/wp-json\/wp\/v2\/posts\/14930","targetHints":{"allow":["GET"]}}],"collection":[{"href":"https:\/\/www.bibliotecadeseguranca.com.br\/en\/wp-json\/wp\/v2\/posts"}],"about":[{"href":"https:\/\/www.bibliotecadeseguranca.com.br\/en\/wp-json\/wp\/v2\/types\/post"}],"author":[{"embeddable":true,"href":"https:\/\/www.bibliotecadeseguranca.com.br\/en\/wp-json\/wp\/v2\/users\/3"}],"replies":[{"embeddable":true,"href":"https:\/\/www.bibliotecadeseguranca.com.br\/en\/wp-json\/wp\/v2\/comments?post=14930"}],"version-history":[{"count":1,"href":"https:\/\/www.bibliotecadeseguranca.com.br\/en\/wp-json\/wp\/v2\/posts\/14930\/revisions"}],"predecessor-version":[{"id":14932,"href":"https:\/\/www.bibliotecadeseguranca.com.br\/en\/wp-json\/wp\/v2\/posts\/14930\/revisions\/14932"}],"wp:featuredmedia":[{"embeddable":true,"href":"https:\/\/www.bibliotecadeseguranca.com.br\/en\/wp-json\/wp\/v2\/media\/14931"}],"wp:attachment":[{"href":"https:\/\/www.bibliotecadeseguranca.com.br\/en\/wp-json\/wp\/v2\/media?parent=14930"}],"wp:term":[{"taxonomy":"category","embeddable":true,"href":"https:\/\/www.bibliotecadeseguranca.com.br\/en\/wp-json\/wp\/v2\/categories?post=14930"},{"taxonomy":"post_tag","embeddable":true,"href":"https:\/\/www.bibliotecadeseguranca.com.br\/en\/wp-json\/wp\/v2\/tags?post=14930"}],"curies":[{"name":"wp","href":"https:\/\/api.w.org\/{rel}","templated":true}]}}