{"id":14834,"date":"2018-05-28T14:00:53","date_gmt":"2018-05-28T17:00:53","guid":{"rendered":"http:\/\/www.bibliotecadeseguranca.com.br\/en\/?p=14834"},"modified":"2018-05-28T12:50:46","modified_gmt":"2018-05-28T15:50:46","slug":"revista-fenavist-ano-xiv-n-24-dezembro-de-2016","status":"publish","type":"post","link":"https:\/\/www.bibliotecadeseguranca.com.br\/en\/periodicos-de-seguranca\/revista-fenavist-ano-xiv-n-24-dezembro-de-2016\/","title":{"rendered":"Revista Fenavist \u2013 Ano XIV \u2013 N 24 \u2013 Dezembro de 2016"},"content":{"rendered":"<p><span style=\"color: #003366;\"><strong><img loading=\"lazy\" decoding=\"async\" class=\"alignleft size-full wp-image-14835\" src=\"http:\/\/www.bibliotecadeseguranca.com.br\/en\/wp-content\/uploads\/2018\/05\/edicao-24-revista-fenavist-dezembro-2016.jpg\" alt=\"Revista Fenavist \u2013 Ano XIV \u2013 N 24 \u2013 Dezembro de 2016\" width=\"145\" height=\"194\" srcset=\"https:\/\/www.bibliotecadeseguranca.com.br\/en\/wp-content\/uploads\/2018\/05\/edicao-24-revista-fenavist-dezembro-2016.jpg 145w, https:\/\/www.bibliotecadeseguranca.com.br\/en\/wp-content\/uploads\/2018\/05\/edicao-24-revista-fenavist-dezembro-2016-112x150.jpg 112w\" sizes=\"auto, (max-width: 145px) 100vw, 145px\" \/>Overview:<\/strong><\/span> Mais um (grande) passo<\/p>\n<p>De fato 2016 foi at\u00edpico, um ano que ap\u00f3s tanta turbul\u00eancia econ\u00f4mica e pol\u00edtica, muitos j\u00e1 diziam: \u201cs\u00f3 quero que o ano acabe\u201d. Mas, esse pensamento n\u00e3o era o mesmo dos empres\u00e1rios de seguran\u00e7a privada. N\u00f3s, ao contr\u00e1rio, diz\u00edamos que dever\u00edamos trabalhar os \u00faltimos quatro meses do ano como se eles valessem por 12. Est\u00e1vamos certos.<br \/>\nNo dia 29 de novembro, tivemos a alegria de ver nossos esfor\u00e7os recompensados. Ap\u00f3s anos de trabalho \u00e1rduo, di\u00e1rio, enfrentando os questionamentos de quem n\u00e3o acreditava, vimos com muito entusiasmo a C\u00e2mara dos Deputados aprovar o Projeto de Lei 4238\/12, que institui o Estatuto da Seguran\u00e7a Privada.<br \/>\nTalvez, essa seja a maior conquista do segmento desde a cria\u00e7\u00e3o da Lei n\u00ba 7.102\/1983. O Estatuto da Seguran\u00e7a privada fortalece a atividade ao estabelecer regras ainda mais claras para o funcionamento das empresas e ao ajudar a combater a clandestinidade, que \u00e9 o maior c\u00e2ncer do segmento. Al\u00e9m disso, impulsiona a moderniza\u00e7\u00e3o da atividade e permite que vislumbremos um futuro promissor ap\u00f3s anos enfrentando um cen\u00e1rio muito adverso.<br \/>\nAgora, \u00e9 o momento de concentrarmos nossos esfor\u00e7os na articula\u00e7\u00e3o para fazer com que o Estatuto da Seguran\u00e7a Privada seja aprovado no Senado Federal. Esse \u00e9 o derradeiro passo rumo ao futuro da atividade.<br \/>\nQuero deixar claro aqui que essa conquista n\u00e3o \u00e9 apenas minha ou da Federa\u00e7\u00e3o Nacional das Empresas de Seguran\u00e7a e Transporte de Valores (Fenavist). Essa vit\u00f3ria \u00e9 de todos os empres\u00e1rios de seguran\u00e7a privada,homens e mulheres que se dedicam de maneira \u00edntegra a melhorar esse segmento que decidimos defender.<br \/>\nAproveito para agradecer o apoio de todos e a coragem dos presidentes que me antecederam no comando da Federa\u00e7\u00e3o, pessoas que acreditaram e deram in\u00edcio ao trabalho que nos levou a esse momento.<br \/>\nQue essa conquista sirva de combust\u00edvel, de est\u00edmulo, para que em 2017 estejamos ainda mais unidos para enfrentar os obst\u00e1culos que surgem. Que possamos mostrar a todos o porte e a import\u00e2ncia da seguran\u00e7a privada.<br \/>\nConto com todos voc\u00eas. Um 2017 de muito trabalho e alegrias!<\/p>\n<p>Um forte abra\u00e7o.<\/p>\n<p>Jeferson Furlan Naz\u00e1rio<\/p>\n<p><a href=\"http:\/\/www.bibliotecadeseguranca.com.br\/wp-content\/uploads\/2018\/05\/edicao-24-revista-fenavist-dezembro-2016.pdf\" target=\"_blank\" rel=\"noopener\"><img loading=\"lazy\" decoding=\"async\" class=\"alignleft wp-image-11251 size-full\" src=\"http:\/\/www.bibliotecadeseguranca.com.br\/en\/wp-content\/uploads\/2014\/08\/download.gif\" alt=\"Download\" width=\"89\" height=\"25\" \/><\/a><\/p>\n","protected":false},"excerpt":{"rendered":"<p>Overview: Mais um (grande) passo De fato 2016 foi at\u00edpico, um ano que ap\u00f3s tanta turbul\u00eancia econ\u00f4mica e pol\u00edtica, muitos j\u00e1 diziam: \u201cs\u00f3 quero que o ano acabe\u201d. Mas, esse pensamento n\u00e3o era o mesmo dos empres\u00e1rios de seguran\u00e7a privada. N\u00f3s, ao contr\u00e1rio, diz\u00edamos que dever\u00edamos trabalhar os \u00faltimos quatro meses do ano como se eles valessem por 12. Est\u00e1vamos certos. No dia 29 de novembro, tivemos a alegria de&hellip; <\/p>\n","protected":false},"author":3,"featured_media":14835,"comment_status":"open","ping_status":"closed","sticky":false,"template":"","format":"standard","meta":{"footnotes":""},"categories":[112,123,71],"tags":[],"class_list":["post-14834","post","type-post","status-publish","format-standard","has-post-thumbnail","hentry","category-download","category-revista-fenavist","category-periodicos-de-seguranca"],"views":269,"_links":{"self":[{"href":"https:\/\/www.bibliotecadeseguranca.com.br\/en\/wp-json\/wp\/v2\/posts\/14834","targetHints":{"allow":["GET"]}}],"collection":[{"href":"https:\/\/www.bibliotecadeseguranca.com.br\/en\/wp-json\/wp\/v2\/posts"}],"about":[{"href":"https:\/\/www.bibliotecadeseguranca.com.br\/en\/wp-json\/wp\/v2\/types\/post"}],"author":[{"embeddable":true,"href":"https:\/\/www.bibliotecadeseguranca.com.br\/en\/wp-json\/wp\/v2\/users\/3"}],"replies":[{"embeddable":true,"href":"https:\/\/www.bibliotecadeseguranca.com.br\/en\/wp-json\/wp\/v2\/comments?post=14834"}],"version-history":[{"count":1,"href":"https:\/\/www.bibliotecadeseguranca.com.br\/en\/wp-json\/wp\/v2\/posts\/14834\/revisions"}],"predecessor-version":[{"id":14836,"href":"https:\/\/www.bibliotecadeseguranca.com.br\/en\/wp-json\/wp\/v2\/posts\/14834\/revisions\/14836"}],"wp:featuredmedia":[{"embeddable":true,"href":"https:\/\/www.bibliotecadeseguranca.com.br\/en\/wp-json\/wp\/v2\/media\/14835"}],"wp:attachment":[{"href":"https:\/\/www.bibliotecadeseguranca.com.br\/en\/wp-json\/wp\/v2\/media?parent=14834"}],"wp:term":[{"taxonomy":"category","embeddable":true,"href":"https:\/\/www.bibliotecadeseguranca.com.br\/en\/wp-json\/wp\/v2\/categories?post=14834"},{"taxonomy":"post_tag","embeddable":true,"href":"https:\/\/www.bibliotecadeseguranca.com.br\/en\/wp-json\/wp\/v2\/tags?post=14834"}],"curies":[{"name":"wp","href":"https:\/\/api.w.org\/{rel}","templated":true}]}}