{"id":14818,"date":"2018-05-21T14:00:42","date_gmt":"2018-05-21T17:00:42","guid":{"rendered":"http:\/\/www.bibliotecadeseguranca.com.br\/en\/?p=14818"},"modified":"2018-05-21T12:55:05","modified_gmt":"2018-05-21T15:55:05","slug":"revista-fenavist-ano-xiv-n-23-agosto-de-2016","status":"publish","type":"post","link":"https:\/\/www.bibliotecadeseguranca.com.br\/en\/periodicos-de-seguranca\/revista-fenavist-ano-xiv-n-23-agosto-de-2016\/","title":{"rendered":"Revista Fenavist \u2013 Ano XIV \u2013 N 23 \u2013 Agosto de 2016"},"content":{"rendered":"<p><span style=\"color: #003366;\"><strong><img loading=\"lazy\" decoding=\"async\" class=\"alignleft size-full wp-image-14819\" src=\"http:\/\/www.bibliotecadeseguranca.com.br\/en\/wp-content\/uploads\/2018\/05\/revista-fenavist-ano-xiv-n-23-agosto-de-2016.jpg\" alt=\"Revista Fenavist \u2013 Ano XIV \u2013 N 23 \u2013 Agosto de 2016\" width=\"145\" height=\"194\" srcset=\"https:\/\/www.bibliotecadeseguranca.com.br\/en\/wp-content\/uploads\/2018\/05\/revista-fenavist-ano-xiv-n-23-agosto-de-2016.jpg 145w, https:\/\/www.bibliotecadeseguranca.com.br\/en\/wp-content\/uploads\/2018\/05\/revista-fenavist-ano-xiv-n-23-agosto-de-2016-112x150.jpg 112w\" sizes=\"auto, (max-width: 145px) 100vw, 145px\" \/>Overview:<\/strong><\/span> O Ano de 2015 chega ao fim. Agora, chegou a hora da virada!<\/p>\n<p>Calma! Esse n\u00e3o \u00e9 um texto antigo publicado por engano. Compartilho da ideia de que o ano de 2015 n\u00e3o teve apenas 12 meses. Na verdade, ele teve 20 meses. Apenas em agosto de 2016 tenho a sensa\u00e7\u00e3o que 2015 est\u00e1 chegando ao fim. E explico os motivos.<br \/>\nOs efeitos da crise econ\u00f4mica que se tornaram ainda mais perversos em 2015, somados a crise pol\u00edtica instalada no pa\u00eds, \u201ccongelaram\u201d o Brasil. \u00c9 como se todos os dias a gente estivesse lendo as mesmas not\u00edcias. A cada dia parecia mais dif\u00edcil uma sa\u00edda. Mas, finalmente este m\u00eas, independentemente da corrente que sair\u00e1 \u201cvencedora\u201d, a situa\u00e7\u00e3o pol\u00edtica deve come\u00e7ar a acalmar com o fim do processo de impeachment.<br \/>\nAl\u00e9m disso, mesmo que de forma discreta, a economia come\u00e7a a dar ind\u00edcios de que pode melhorar. Um fio de esperan\u00e7a desponta.<br \/>\nDois mil e dezesseis, na pr\u00e1tica, ter\u00e1 apenas quatro meses. Cento e vinte dias que podem ser um divisor de \u00e1guas. Os segmentos econ\u00f4micos que se prepararam e que nunca desanimaram com certeza conseguir\u00e3o melhores resultados.<br \/>\nNesse sentido, vejo a seguran\u00e7a privada um passo a frente. N\u00f3s estamos acostumados a enfrentar obst\u00e1culos di\u00e1rios desde que a atividade foi regulamentada no final da d\u00e9cada de 60. Al\u00e9m disso, nos \u00faltimos meses n\u00e3o nos escondemos esperando a crise passar. Pelo contr\u00e1rio, buscamos solu\u00e7\u00f5es e ideias que pudessem impulsionar a nossa atividade. Exemplo disso foi a cria\u00e7\u00e3o do F\u00f3rum de Seguran\u00e7a Privada, que tem permitido o di\u00e1logo e troca de informa\u00e7\u00e3o com empres\u00e1rios e pensadores do segmento.<br \/>\nTamb\u00e9m mantivemos o intenso trabalho no Congresso Nacional em busca da aprova\u00e7\u00e3o do Estatuto da Seguran\u00e7a Privada. Bem como o combate \u00e0 clandestinidade. Sei que em rela\u00e7\u00e3o a essa quest\u00e3o alguns tem esmorecido. Sei que nem sempre as a\u00e7\u00f5es fazem o estardalha\u00e7o esperado, mas o trabalho de formiguinha n\u00e3o \u00e9 menos digno. E o objetivo final ser\u00e1 atingido. Faremos parte de uma atividade capaz de punir com rigor a contrata\u00e7\u00e3o da seguran\u00e7a ilegal, tornando nosso mercado mais forte e respeitado.<br \/>\nPor isso, meus amigos, pe\u00e7o que nos quatro meses que 2016 nos reserva possamos trabalhar ainda mais com afinco. Acredito que com o fim das disputas pol\u00edticas no Congresso Nacional, a tramita\u00e7\u00e3o dos Projetos de Lei possam a voltar \u00e0 pauta com tudo. Com o poder de articula\u00e7\u00e3o que adquirimos nos \u00faltimos tempos chegaremos ao grande objetivo: a aprova\u00e7\u00e3o do nosso Estatuto.<br \/>\nJuntos sempre seremos mais forte.<\/p>\n<p>Seja bem vindo 2016.<\/p>\n<p>Um abra\u00e7o a todos!<\/p>\n<p>Jeferson Furlan Naz\u00e1rio<\/p>\n<p><a href=\"http:\/\/www.bibliotecadeseguranca.com.br\/wp-content\/uploads\/2018\/05\/edicao-23-revista-fenavist-agosto-2016.pdf\" target=\"_blank\" rel=\"noopener\"><img loading=\"lazy\" decoding=\"async\" class=\"alignleft wp-image-11251 size-full\" src=\"http:\/\/www.bibliotecadeseguranca.com.br\/en\/wp-content\/uploads\/2014\/08\/download.gif\" alt=\"Download\" width=\"89\" height=\"25\" \/><\/a><\/p>\n","protected":false},"excerpt":{"rendered":"<p>Overview: O Ano de 2015 chega ao fim. Agora, chegou a hora da virada! Calma! Esse n\u00e3o \u00e9 um texto antigo publicado por engano. Compartilho da ideia de que o ano de 2015 n\u00e3o teve apenas 12 meses. Na verdade, ele teve 20 meses. Apenas em agosto de 2016 tenho a sensa\u00e7\u00e3o que 2015 est\u00e1 chegando ao fim. E explico os motivos. Os efeitos da crise econ\u00f4mica que se tornaram&hellip; <\/p>\n","protected":false},"author":3,"featured_media":14819,"comment_status":"open","ping_status":"closed","sticky":false,"template":"","format":"standard","meta":{"footnotes":""},"categories":[112,123,71],"tags":[],"class_list":["post-14818","post","type-post","status-publish","format-standard","has-post-thumbnail","hentry","category-download","category-revista-fenavist","category-periodicos-de-seguranca"],"views":283,"_links":{"self":[{"href":"https:\/\/www.bibliotecadeseguranca.com.br\/en\/wp-json\/wp\/v2\/posts\/14818","targetHints":{"allow":["GET"]}}],"collection":[{"href":"https:\/\/www.bibliotecadeseguranca.com.br\/en\/wp-json\/wp\/v2\/posts"}],"about":[{"href":"https:\/\/www.bibliotecadeseguranca.com.br\/en\/wp-json\/wp\/v2\/types\/post"}],"author":[{"embeddable":true,"href":"https:\/\/www.bibliotecadeseguranca.com.br\/en\/wp-json\/wp\/v2\/users\/3"}],"replies":[{"embeddable":true,"href":"https:\/\/www.bibliotecadeseguranca.com.br\/en\/wp-json\/wp\/v2\/comments?post=14818"}],"version-history":[{"count":1,"href":"https:\/\/www.bibliotecadeseguranca.com.br\/en\/wp-json\/wp\/v2\/posts\/14818\/revisions"}],"predecessor-version":[{"id":14820,"href":"https:\/\/www.bibliotecadeseguranca.com.br\/en\/wp-json\/wp\/v2\/posts\/14818\/revisions\/14820"}],"wp:featuredmedia":[{"embeddable":true,"href":"https:\/\/www.bibliotecadeseguranca.com.br\/en\/wp-json\/wp\/v2\/media\/14819"}],"wp:attachment":[{"href":"https:\/\/www.bibliotecadeseguranca.com.br\/en\/wp-json\/wp\/v2\/media?parent=14818"}],"wp:term":[{"taxonomy":"category","embeddable":true,"href":"https:\/\/www.bibliotecadeseguranca.com.br\/en\/wp-json\/wp\/v2\/categories?post=14818"},{"taxonomy":"post_tag","embeddable":true,"href":"https:\/\/www.bibliotecadeseguranca.com.br\/en\/wp-json\/wp\/v2\/tags?post=14818"}],"curies":[{"name":"wp","href":"https:\/\/api.w.org\/{rel}","templated":true}]}}