{"id":14784,"date":"2018-05-07T14:00:59","date_gmt":"2018-05-07T17:00:59","guid":{"rendered":"http:\/\/www.bibliotecadeseguranca.com.br\/en\/?p=14784"},"modified":"2018-05-07T12:31:42","modified_gmt":"2018-05-07T15:31:42","slug":"revista-fenavist-ano-xiv-n-21-dezembro-de-2015","status":"publish","type":"post","link":"https:\/\/www.bibliotecadeseguranca.com.br\/en\/periodicos-de-seguranca\/revista-fenavist-ano-xiv-n-21-dezembro-de-2015\/","title":{"rendered":"Revista Fenavist \u2013 Ano XIV \u2013 N 21 \u2013 Dezembro de 2015"},"content":{"rendered":"<p><span style=\"color: #003366;\"><strong><img loading=\"lazy\" decoding=\"async\" class=\"alignleft size-full wp-image-14785\" src=\"http:\/\/www.bibliotecadeseguranca.com.br\/en\/wp-content\/uploads\/2018\/05\/revista-fenavist-ano-xiv-n-21-dezembro-de-2015.jpg\" alt=\"Revista Fenavist \u2013 Ano XIV \u2013 N 21 \u2013 Dezembro de 2015\" width=\"145\" height=\"194\" srcset=\"https:\/\/www.bibliotecadeseguranca.com.br\/en\/wp-content\/uploads\/2018\/05\/revista-fenavist-ano-xiv-n-21-dezembro-de-2015.jpg 145w, https:\/\/www.bibliotecadeseguranca.com.br\/en\/wp-content\/uploads\/2018\/05\/revista-fenavist-ano-xiv-n-21-dezembro-de-2015-112x150.jpg 112w\" sizes=\"auto, (max-width: 145px) 100vw, 145px\" \/>Overview:<\/strong><\/span> Muito trabalho, em 2015. Muitas conquistas, em 2016!<\/p>\n<p>Essa edi\u00e7\u00e3o da Revista FENAVIST registra os principais fatos do trabalho de nossa Federa\u00e7\u00e3o no segundo semestre de 2015, um per\u00edodo de muito esfor\u00e7o por parte de todos os diretores e colaboradores da entidade. Com a iminente vota\u00e7\u00e3o do Estatuto da Seguran\u00e7a Privada, empres\u00e1rios de todo o pa\u00eds t\u00eam se mobilizado em reuni\u00f5es, visitas a parlamentares e muitas outras a\u00e7\u00f5es em prol da agiliza\u00e7\u00e3o da cria\u00e7\u00e3o dessa lei mais moderna e abrangente do nosso mercado.<br \/>\n2015 foi um ano muito intenso! Al\u00e9m de vivenciarmos uma crise econ\u00f4mica e pol\u00edtica sem precedentes e que j\u00e1 extinguiu 24.018 postos de trabalho das empresas de seguran\u00e7a e transporte de valores, de janeiro a outubro de 2015, tamb\u00e9m lidamos com as quest\u00f5es espec\u00edficas da nossa \u00e1rea como o j\u00e1 citado Estatuto, quest\u00f5es tribut\u00e1rias como a do PIS\/Cofins, quest\u00f5es trabalhistas devido \u00e0 arcaica legisla\u00e7\u00e3o, combate \u00e0 atua\u00e7\u00e3o de empresas clandestinas, tudo isso sem contar com a regular concorr\u00eancia derivada do cada vez maior profissionalismo de nossas institui\u00e7\u00f5es leg\u00edtimas.<br \/>\nEnfim, nosso esfor\u00e7o tem sido grande! E s\u00f3 tem sido poss\u00edvel gra\u00e7as ao empenho de nossos diretores, representantes dos sindicatos de todo o pa\u00eds, pessoas que t\u00eam deixado de lado seus pr\u00f3prios interesses em prol do benef\u00edcio da coletividade. Para brindar estes esfor\u00e7os e reconhecer no mercado empresas que se mant\u00e9m firmes resistindo \u00e0s intemp\u00e9ries de toda ordem, empregando milhares de trabalhadores comemorarmos o Pr\u00eamio M\u00e9rito e Benem\u00e9rito da Seguran\u00e7a Privada Nacional e Estadual.<br \/>\nAgrade\u00e7o a participa\u00e7\u00e3o de todos os empres\u00e1rios que elevam a reputa\u00e7\u00e3o de nosso mercado, agindo idoneamente.<br \/>\nEm 2016, teremos ainda muito a lutar e a conquistar. E esperamos contar com todos novamente!<\/p>\n<p>Um grande 2016 para todos n\u00f3s!<\/p>\n<p>Jeferson Furlan Naz\u00e1rio<br \/>\nPresidente nacional<\/p>\n<p><a href=\"http:\/\/www.bibliotecadeseguranca.com.br\/wp-content\/uploads\/2018\/05\/revista-fenavist-edicao-n-21-dezembro-2015.pdf\" target=\"_blank\" rel=\"noopener\"><img loading=\"lazy\" decoding=\"async\" class=\"alignleft wp-image-11251 size-full\" src=\"http:\/\/www.bibliotecadeseguranca.com.br\/en\/wp-content\/uploads\/2014\/08\/download.gif\" alt=\"Download\" width=\"89\" height=\"25\" \/><\/a><\/p>\n","protected":false},"excerpt":{"rendered":"<p>Overview: Muito trabalho, em 2015. Muitas conquistas, em 2016! Essa edi\u00e7\u00e3o da Revista FENAVIST registra os principais fatos do trabalho de nossa Federa\u00e7\u00e3o no segundo semestre de 2015, um per\u00edodo de muito esfor\u00e7o por parte de todos os diretores e colaboradores da entidade. Com a iminente vota\u00e7\u00e3o do Estatuto da Seguran\u00e7a Privada, empres\u00e1rios de todo o pa\u00eds t\u00eam se mobilizado em reuni\u00f5es, visitas a parlamentares e muitas outras a\u00e7\u00f5es em&hellip; <\/p>\n","protected":false},"author":3,"featured_media":14785,"comment_status":"open","ping_status":"closed","sticky":false,"template":"","format":"standard","meta":{"footnotes":""},"categories":[112,123,71],"tags":[],"class_list":["post-14784","post","type-post","status-publish","format-standard","has-post-thumbnail","hentry","category-download","category-revista-fenavist","category-periodicos-de-seguranca"],"views":280,"_links":{"self":[{"href":"https:\/\/www.bibliotecadeseguranca.com.br\/en\/wp-json\/wp\/v2\/posts\/14784","targetHints":{"allow":["GET"]}}],"collection":[{"href":"https:\/\/www.bibliotecadeseguranca.com.br\/en\/wp-json\/wp\/v2\/posts"}],"about":[{"href":"https:\/\/www.bibliotecadeseguranca.com.br\/en\/wp-json\/wp\/v2\/types\/post"}],"author":[{"embeddable":true,"href":"https:\/\/www.bibliotecadeseguranca.com.br\/en\/wp-json\/wp\/v2\/users\/3"}],"replies":[{"embeddable":true,"href":"https:\/\/www.bibliotecadeseguranca.com.br\/en\/wp-json\/wp\/v2\/comments?post=14784"}],"version-history":[{"count":1,"href":"https:\/\/www.bibliotecadeseguranca.com.br\/en\/wp-json\/wp\/v2\/posts\/14784\/revisions"}],"predecessor-version":[{"id":14786,"href":"https:\/\/www.bibliotecadeseguranca.com.br\/en\/wp-json\/wp\/v2\/posts\/14784\/revisions\/14786"}],"wp:featuredmedia":[{"embeddable":true,"href":"https:\/\/www.bibliotecadeseguranca.com.br\/en\/wp-json\/wp\/v2\/media\/14785"}],"wp:attachment":[{"href":"https:\/\/www.bibliotecadeseguranca.com.br\/en\/wp-json\/wp\/v2\/media?parent=14784"}],"wp:term":[{"taxonomy":"category","embeddable":true,"href":"https:\/\/www.bibliotecadeseguranca.com.br\/en\/wp-json\/wp\/v2\/categories?post=14784"},{"taxonomy":"post_tag","embeddable":true,"href":"https:\/\/www.bibliotecadeseguranca.com.br\/en\/wp-json\/wp\/v2\/tags?post=14784"}],"curies":[{"name":"wp","href":"https:\/\/api.w.org\/{rel}","templated":true}]}}