{"id":14769,"date":"2018-04-30T14:00:17","date_gmt":"2018-04-30T17:00:17","guid":{"rendered":"http:\/\/www.bibliotecadeseguranca.com.br\/en\/?p=14769"},"modified":"2018-04-30T09:02:39","modified_gmt":"2018-04-30T12:02:39","slug":"revista-fenavist-ano-xiv-n-20-julho-de-2015","status":"publish","type":"post","link":"https:\/\/www.bibliotecadeseguranca.com.br\/en\/periodicos-de-seguranca\/revista-fenavist-ano-xiv-n-20-julho-de-2015\/","title":{"rendered":"Revista Fenavist &#8211; Ano XIV &#8211; N 20 &#8211; Julho de 2015"},"content":{"rendered":"<p><span style=\"color: #003366;\"><strong><img loading=\"lazy\" decoding=\"async\" class=\"alignleft size-full wp-image-14770\" src=\"http:\/\/www.bibliotecadeseguranca.com.br\/en\/wp-content\/uploads\/2018\/04\/revista-fenavist-ano-xiv-n-20-julho-de-2015.jpg\" alt=\"Revista Fenavist - Ano XIV - N 20 - Julho de 2015\" width=\"145\" height=\"193\" srcset=\"https:\/\/www.bibliotecadeseguranca.com.br\/en\/wp-content\/uploads\/2018\/04\/revista-fenavist-ano-xiv-n-20-julho-de-2015.jpg 145w, https:\/\/www.bibliotecadeseguranca.com.br\/en\/wp-content\/uploads\/2018\/04\/revista-fenavist-ano-xiv-n-20-julho-de-2015-113x150.jpg 113w\" sizes=\"auto, (max-width: 145px) 100vw, 145px\" \/>Overview:<\/strong><\/span> Em junho completamos um ano de gest\u00e3o!<\/p>\n<p>Este foi um ano de muita luta, muito trabalho e, se conseguimos alcan\u00e7ar o que conquistamos, foi gra\u00e7as ao suporte recebido de todos voc\u00eas que nos apoiaram ao longo deste tempo.<br \/>\nNeste per\u00edodo, intensificamos muitos trabalhos e propusemos mudan\u00e7as e renova\u00e7\u00e3o para a nossa entidade. Lan\u00e7amos em parceria com a Pol\u00edcia Federal a Campanha Nacional de Preven\u00e7\u00e3o e Combate \u00e0 Seguran\u00e7a Clandestina que, ao longo do ano, ser\u00e1 divulgada e trabalhada em todo o Brasil. Reestruturamos o setor da comunica\u00e7\u00e3o, construindo um novo portal e continuamos com a publica\u00e7\u00e3o da nossa Revista Fenavist, ferramenta t\u00e3o importante para a divulga\u00e7\u00e3o do nosso setor.<br \/>\nPara uma an\u00e1lise cr\u00edtica e para atualiza\u00e7\u00e3o dos n\u00fameros do nosso segmento estamos investindo na an\u00e1lise dos dados do Minist\u00e9rio do Trabalho e Emprego (M.T.E.), Minist\u00e9rio da Previd\u00eancia Social (M.P.A.S.), Receita Federal e Departamento de Pol\u00edcia Federal (DPF). Em todos os nossos setores sempre procuramos trazer o que h\u00e1 de melhor no segmento para manter voc\u00ea bem informado.<br \/>\nAo optarmos pela amplia\u00e7\u00e3o dos horizontes da nossa entidade atrav\u00e9s de s\u00f3lidos investimentos institucionais com a cria\u00e7\u00e3o de benef\u00edcios, presta\u00e7\u00e3o de servi\u00e7os e aten\u00e7\u00e3o ao bem-estar do filiado, da categoria e da sociedade, atrav\u00e9s da abertura \u00e0 qualifica\u00e7\u00e3o e valoriza\u00e7\u00e3o profissional, promovemos o crescimento ainda maior de nossas responsabilidades como gestores.<br \/>\nNossa Federa\u00e7\u00e3o hoje \u00e9 refer\u00eancia em Seguran\u00e7a Privada, no cen\u00e1rio nacional e at\u00e9 mesmo internacional, o que s\u00f3 aumenta a import\u00e2ncia do trabalho e das a\u00e7\u00f5es de cada um de n\u00f3s, como representantes da mesma.<br \/>\nVencer este enorme desafio, manter as conquistas at\u00e9 aqui obtidas e promover os avan\u00e7os necess\u00e1rios em sintonia com os novos tempos, n\u00e3o \u00e9 tarefa para uma s\u00f3 pessoa. Devemos lutar sempre juntos pela amplia\u00e7\u00e3o da participa\u00e7\u00e3o de um n\u00famero cada vez mais expressivo de conquistas para a Seguran\u00e7a Privada brasileira, seja na esfera pol\u00edtica, econ\u00f4mica ou social.<br \/>\nE o nosso trabalho est\u00e1 apenas come\u00e7ando. Para este 2\u00b0 ano de mandato, teremos mais novidades: vamos comemorar o Pr\u00eamio M\u00e9rito e Benem\u00e9rito da Seguran\u00e7a Privada Nacional, oportunidade para destacar os esfor\u00e7os grandiosos das empresas do segmento, que lutam todos os dias para vencer tantos obst\u00e1culos para se manterem regulares e ativas no mercado brasileiro, pelas adversidades econ\u00f4micas, legisla\u00e7\u00e3o defasada, alto custo dos encargos, contratos sem o cumprimento dos pagamentos no prazo acordado, entre tantas outras dificuldades.<br \/>\nAgradecemos neste in\u00edcio os nossos diretores, filiados, associados, apoiadores, articulistas, colaboradores e entrevistados por terem feito parte da nossa hist\u00f3ria! Vamos continuar trabalhando arduamente para conquistarmos ainda mais vit\u00f3rias e agregarmos princ\u00edpios \u00fanicos e consolidados de trabalho nesses pr\u00f3ximos tr\u00eas anos de mandato, fortalecendo ainda mais nossa entidade.<\/p>\n<p>Boa leitura! Um grande abra\u00e7o,<\/p>\n<p>Jeferson Furlan Naz\u00e1rio<br \/>\nPresidente nacional<\/p>\n<p><a href=\"http:\/\/www.bibliotecadeseguranca.com.br\/wp-content\/uploads\/2018\/04\/revista-fenavist-edicao-n-20-julho-2015.pdf\" target=\"_blank\" rel=\"noopener\"><img loading=\"lazy\" decoding=\"async\" class=\"alignleft wp-image-11251 size-full\" src=\"http:\/\/www.bibliotecadeseguranca.com.br\/en\/wp-content\/uploads\/2014\/08\/download.gif\" alt=\"Download\" width=\"89\" height=\"25\" \/><\/a><\/p>\n","protected":false},"excerpt":{"rendered":"<p>Overview: Em junho completamos um ano de gest\u00e3o! Este foi um ano de muita luta, muito trabalho e, se conseguimos alcan\u00e7ar o que conquistamos, foi gra\u00e7as ao suporte recebido de todos voc\u00eas que nos apoiaram ao longo deste tempo. Neste per\u00edodo, intensificamos muitos trabalhos e propusemos mudan\u00e7as e renova\u00e7\u00e3o para a nossa entidade. Lan\u00e7amos em parceria com a Pol\u00edcia Federal a Campanha Nacional de Preven\u00e7\u00e3o e Combate \u00e0 Seguran\u00e7a Clandestina&hellip; <\/p>\n","protected":false},"author":3,"featured_media":14770,"comment_status":"open","ping_status":"closed","sticky":false,"template":"","format":"standard","meta":{"footnotes":""},"categories":[112,123,71],"tags":[],"class_list":["post-14769","post","type-post","status-publish","format-standard","has-post-thumbnail","hentry","category-download","category-revista-fenavist","category-periodicos-de-seguranca"],"views":453,"_links":{"self":[{"href":"https:\/\/www.bibliotecadeseguranca.com.br\/en\/wp-json\/wp\/v2\/posts\/14769","targetHints":{"allow":["GET"]}}],"collection":[{"href":"https:\/\/www.bibliotecadeseguranca.com.br\/en\/wp-json\/wp\/v2\/posts"}],"about":[{"href":"https:\/\/www.bibliotecadeseguranca.com.br\/en\/wp-json\/wp\/v2\/types\/post"}],"author":[{"embeddable":true,"href":"https:\/\/www.bibliotecadeseguranca.com.br\/en\/wp-json\/wp\/v2\/users\/3"}],"replies":[{"embeddable":true,"href":"https:\/\/www.bibliotecadeseguranca.com.br\/en\/wp-json\/wp\/v2\/comments?post=14769"}],"version-history":[{"count":1,"href":"https:\/\/www.bibliotecadeseguranca.com.br\/en\/wp-json\/wp\/v2\/posts\/14769\/revisions"}],"predecessor-version":[{"id":14771,"href":"https:\/\/www.bibliotecadeseguranca.com.br\/en\/wp-json\/wp\/v2\/posts\/14769\/revisions\/14771"}],"wp:featuredmedia":[{"embeddable":true,"href":"https:\/\/www.bibliotecadeseguranca.com.br\/en\/wp-json\/wp\/v2\/media\/14770"}],"wp:attachment":[{"href":"https:\/\/www.bibliotecadeseguranca.com.br\/en\/wp-json\/wp\/v2\/media?parent=14769"}],"wp:term":[{"taxonomy":"category","embeddable":true,"href":"https:\/\/www.bibliotecadeseguranca.com.br\/en\/wp-json\/wp\/v2\/categories?post=14769"},{"taxonomy":"post_tag","embeddable":true,"href":"https:\/\/www.bibliotecadeseguranca.com.br\/en\/wp-json\/wp\/v2\/tags?post=14769"}],"curies":[{"name":"wp","href":"https:\/\/api.w.org\/{rel}","templated":true}]}}