{"id":14628,"date":"2018-03-06T14:00:20","date_gmt":"2018-03-06T17:00:20","guid":{"rendered":"http:\/\/www.bibliotecadeseguranca.com.br\/en\/?p=14628"},"modified":"2018-03-06T12:50:48","modified_gmt":"2018-03-06T15:50:48","slug":"jornal-da-seguranca-no-100","status":"publish","type":"post","link":"https:\/\/www.bibliotecadeseguranca.com.br\/en\/periodicos-de-seguranca\/jornal-da-seguranca-no-100\/","title":{"rendered":"Jornal da Seguran\u00e7a &#8211; N\u00ba 100"},"content":{"rendered":"<p><img loading=\"lazy\" decoding=\"async\" class=\"alignleft size-full wp-image-14629\" src=\"http:\/\/www.bibliotecadeseguranca.com.br\/en\/wp-content\/uploads\/2018\/03\/jornal-da-seguranca-n-100.jpg\" alt=\"Jornal da Seguran\u00e7a - N\u00ba 100\" width=\"145\" height=\"163\" srcset=\"https:\/\/www.bibliotecadeseguranca.com.br\/en\/wp-content\/uploads\/2018\/03\/jornal-da-seguranca-n-100.jpg 145w, https:\/\/www.bibliotecadeseguranca.com.br\/en\/wp-content\/uploads\/2018\/03\/jornal-da-seguranca-n-100-133x150.jpg 133w\" sizes=\"auto, (max-width: 145px) 100vw, 145px\" \/>Credibilidade: bem que perdura<\/p>\n<p>Este \u00e9 um momento especial para todos que, de alguma forma, est\u00e3o envolvidos com o Jornal da Seguran\u00e7a. Afinal, neste m\u00eas de dezembro estamoos comemorando a nossa cent\u00e9sima edi\u00e7\u00e3o. Fato que n\u00e3o acontece todos os dias, infelizmente.<\/p>\n<p>Muitas hist\u00f3rias envolvendo seguran\u00e7a privada e eletr\u00f4nica foram contadas e, apesar de quase nove anos terem passado muito r\u00e1pido, muita coisa aconteceu desde abril de 1994, data da publica\u00e7\u00e3o da edi\u00e7\u00e3o n\u00famero 1. A escalada da viol\u00eancia e o amadurecimento do setor de seguran\u00e7a s\u00e3o apenas algumas delas.<\/p>\n<p>Com muito orgulho da sua hist\u00f3ria e, principalmente experi\u00eancia, credibilidade e tradi\u00e7\u00e3o conquistadas nesse per\u00edodo, nesta edi\u00e7\u00e3o, contamos ao leitor como tudo come\u00e7ou. A trajet\u00f3ria de quase nove anos, com diversas conquistas e dificuldades no depoimento franco de Carlos, F\u00e1bio Caruso e Regina Westertahl respectivamente, fundador e diretores da editora C4, respons\u00e1vel pela publica\u00e7\u00e3o do Jornal da Seguran\u00e7a, entre outras coisas.<\/p>\n<p>O leitor poder\u00e1 acompanhar tamb\u00e9m, como um jornal de oito p\u00e1ginas montado quase que artesanalmente e nascido dentro de uma fam\u00edlia, foi atr\u00e1s da profissionaliza\u00e7\u00e3o e hoje conta com os melhores colaboradores do mercado, com articulistas de renome e, sobre tudo, grandes anunciantes, que nos ajudam a continuar essa empreitada.<\/p>\n<p>Al\u00e9m disso, brindamos com uma retrospectiva dos fatos mais marcantes nesse per\u00edodo, que v\u00e3o do desenvolvimento e aprimoramento de novas tecnologias e solu\u00e7\u00f5es de combate ao crime, ao trabalho de entidades que representam o setor, ao surgimento de novas ideias, entre tantos outros epis\u00f3dios interessantes.<\/p>\n<p>Aproveitando tamb\u00e9m o clima de celebra\u00e7\u00e3o e seguindo a tradi\u00e7\u00e3o do Jornal de levar constantemente novidades aos seus leitores, apresentamos um novo projeto gr\u00e1fico. Tipo de letra especial com o intuito de facilitar a leitura, o tradicional logotipo foi redesenhado e a pagina\u00e7\u00e3o ficou mais din\u00e2mica e moderna.<\/p>\n<p>E, como esta edi\u00e7\u00e3o de dezembro \u00e9 a \u00faltima de 2002, aproveitamos para desejar a todos os que estiveram conosco e que direta ou indiretamente, nos ajudaram a fazer uma publica\u00e7\u00e3o respeitado no mercado, boas festas!<\/p>\n<p>Completar cem edi\u00e7\u00f5es n\u00e3o \u00e9 pouca coisa. Por\u00e9m, parece muito pouco diante das milhares de outras que o npumero 100 permite vislumbrar.<\/p>\n<p>Nos encontramos em janeiro!<\/p>\n<p>Juliana Alves<br \/>\nEditora &#8211; Jornal da Seguran\u00e7a<\/p>\n<p><a href=\"http:\/\/www.bibliotecadeseguranca.com.br\/wp-content\/uploads\/2018\/03\/jornal-da-seguranca-100.pdf\" target=\"_blank\" rel=\"noopener\"><img loading=\"lazy\" decoding=\"async\" class=\"alignleft wp-image-11251 size-full\" src=\"http:\/\/www.bibliotecadeseguranca.com.br\/en\/wp-content\/uploads\/2014\/08\/download.gif\" alt=\"Download\" width=\"89\" height=\"25\" \/><\/a><\/p>\n","protected":false},"excerpt":{"rendered":"<p>Credibilidade: bem que perdura Este \u00e9 um momento especial para todos que, de alguma forma, est\u00e3o envolvidos com o Jornal da Seguran\u00e7a. Afinal, neste m\u00eas de dezembro estamoos comemorando a nossa cent\u00e9sima edi\u00e7\u00e3o. Fato que n\u00e3o acontece todos os dias, infelizmente. Muitas hist\u00f3rias envolvendo seguran\u00e7a privada e eletr\u00f4nica foram contadas e, apesar de quase nove anos terem passado muito r\u00e1pido, muita coisa aconteceu desde abril de 1994, data da publica\u00e7\u00e3o&hellip; <\/p>\n","protected":false},"author":3,"featured_media":14629,"comment_status":"open","ping_status":"closed","sticky":false,"template":"","format":"standard","meta":{"footnotes":""},"categories":[112,71,122],"tags":[],"class_list":["post-14628","post","type-post","status-publish","format-standard","has-post-thumbnail","hentry","category-download","category-periodicos-de-seguranca","category-jornal-da-seguranca"],"views":421,"_links":{"self":[{"href":"https:\/\/www.bibliotecadeseguranca.com.br\/en\/wp-json\/wp\/v2\/posts\/14628","targetHints":{"allow":["GET"]}}],"collection":[{"href":"https:\/\/www.bibliotecadeseguranca.com.br\/en\/wp-json\/wp\/v2\/posts"}],"about":[{"href":"https:\/\/www.bibliotecadeseguranca.com.br\/en\/wp-json\/wp\/v2\/types\/post"}],"author":[{"embeddable":true,"href":"https:\/\/www.bibliotecadeseguranca.com.br\/en\/wp-json\/wp\/v2\/users\/3"}],"replies":[{"embeddable":true,"href":"https:\/\/www.bibliotecadeseguranca.com.br\/en\/wp-json\/wp\/v2\/comments?post=14628"}],"version-history":[{"count":1,"href":"https:\/\/www.bibliotecadeseguranca.com.br\/en\/wp-json\/wp\/v2\/posts\/14628\/revisions"}],"predecessor-version":[{"id":14630,"href":"https:\/\/www.bibliotecadeseguranca.com.br\/en\/wp-json\/wp\/v2\/posts\/14628\/revisions\/14630"}],"wp:featuredmedia":[{"embeddable":true,"href":"https:\/\/www.bibliotecadeseguranca.com.br\/en\/wp-json\/wp\/v2\/media\/14629"}],"wp:attachment":[{"href":"https:\/\/www.bibliotecadeseguranca.com.br\/en\/wp-json\/wp\/v2\/media?parent=14628"}],"wp:term":[{"taxonomy":"category","embeddable":true,"href":"https:\/\/www.bibliotecadeseguranca.com.br\/en\/wp-json\/wp\/v2\/categories?post=14628"},{"taxonomy":"post_tag","embeddable":true,"href":"https:\/\/www.bibliotecadeseguranca.com.br\/en\/wp-json\/wp\/v2\/tags?post=14628"}],"curies":[{"name":"wp","href":"https:\/\/api.w.org\/{rel}","templated":true}]}}