{"id":14491,"date":"2018-01-02T13:00:08","date_gmt":"2018-01-02T16:00:08","guid":{"rendered":"http:\/\/www.bibliotecadeseguranca.com.br\/en\/?p=14491"},"modified":"2018-01-02T09:20:59","modified_gmt":"2018-01-02T12:20:59","slug":"seguridad-publica-y-derecho-administrativo","status":"publish","type":"post","link":"https:\/\/www.bibliotecadeseguranca.com.br\/en\/livros\/seguridad-publica-y-derecho-administrativo\/","title":{"rendered":"Seguridad p\u00fablica y derecho administrativo"},"content":{"rendered":"<p><span style=\"color: #003366;\"><strong><img loading=\"lazy\" decoding=\"async\" class=\"alignleft size-full wp-image-14492\" src=\"http:\/\/www.bibliotecadeseguranca.com.br\/en\/wp-content\/uploads\/2018\/01\/the-seguridad-publica-y-derecho-administrativo.jpg\" alt=\"Seguridad p\u00fablica y derecho administrativo\" width=\"145\" height=\"214\" srcset=\"https:\/\/www.bibliotecadeseguranca.com.br\/en\/wp-content\/uploads\/2018\/01\/the-seguridad-publica-y-derecho-administrativo.jpg 145w, https:\/\/www.bibliotecadeseguranca.com.br\/en\/wp-content\/uploads\/2018\/01\/the-seguridad-publica-y-derecho-administrativo-102x150.jpg 102w\" sizes=\"auto, (max-width: 145px) 100vw, 145px\" \/>Roberto Dromi,\u200e Luciano Parejo Alfonso<\/strong><\/span><\/p>\n<p><span style=\"color: #003366;\"><strong>Publisher Ciudad Argentina<\/strong><\/span><\/p>\n<p><span style=\"color: #003366;\"><strong>Overview:<\/strong><\/span> La seguridad p\u00fablica como valor fundante de los cimientos del Estado de Derecho Democr\u00e1tico traduce dos atributos para su explicitaci\u00f3n: su car\u00e1cter ciudadano (convivencial) y su car\u00e1cter jur\u00eddico (normativo); por ello los autores hablan traslativamente de seguridad ciudadana y seguridad jur\u00eddica.<br \/>\nLa seguridad p\u00fablica es el ecuador democr\u00e1tico de dos plos de confrontaciones antijur\u00eddicas; el abuso del derecho y el abuso del poder. En su m\u00e9rito la teor\u00eda jur\u00eddica desarrolla los l\u00edmites y responsabilidades tipificadas ante el desorden individual y el desv\u00edo de la autoridad. As\u00ed, el orden p\u00fablico se erige como l\u00edmite al accionar individual o convencional de la voluntad ciudadana, en tanto que la supremac\u00eda constitucional se\u00f1ala los l\u00edmites dogm\u00e1ticos del poder p\u00fablico como atributo de la autoridad.<br \/>\nSobre estos postulados Luciano Parejo Alfonso y Roberto Dromi construyen un sistema regulatorio de la seguridad p\u00fablica, con el prisma del Derecho Administrativo, en el renovado accidente de la pol\u00edtica de integraci\u00f3n, participaci\u00f3n y solidaridad.<\/p>\n","protected":false},"excerpt":{"rendered":"<p>Roberto Dromi,\u200e Luciano Parejo Alfonso Publisher Ciudad Argentina Overview: La seguridad p\u00fablica como valor fundante de los cimientos del Estado de Derecho Democr\u00e1tico traduce dos atributos para su explicitaci\u00f3n: su car\u00e1cter ciudadano (convivencial) y su car\u00e1cter jur\u00eddico (normativo); por ello los autores hablan traslativamente de seguridad ciudadana y seguridad jur\u00eddica. La seguridad p\u00fablica es el ecuador democr\u00e1tico de dos plos de confrontaciones antijur\u00eddicas; el abuso del derecho y el abuso&hellip; <\/p>\n","protected":false},"author":3,"featured_media":14492,"comment_status":"open","ping_status":"closed","sticky":false,"template":"","format":"standard","meta":{"footnotes":""},"categories":[6,81,25],"tags":[],"class_list":["post-14491","post","type-post","status-publish","format-standard","has-post-thumbnail","hentry","category-livros","category-espanol","category-seguranca-publica-e-defesa"],"views":360,"_links":{"self":[{"href":"https:\/\/www.bibliotecadeseguranca.com.br\/en\/wp-json\/wp\/v2\/posts\/14491","targetHints":{"allow":["GET"]}}],"collection":[{"href":"https:\/\/www.bibliotecadeseguranca.com.br\/en\/wp-json\/wp\/v2\/posts"}],"about":[{"href":"https:\/\/www.bibliotecadeseguranca.com.br\/en\/wp-json\/wp\/v2\/types\/post"}],"author":[{"embeddable":true,"href":"https:\/\/www.bibliotecadeseguranca.com.br\/en\/wp-json\/wp\/v2\/users\/3"}],"replies":[{"embeddable":true,"href":"https:\/\/www.bibliotecadeseguranca.com.br\/en\/wp-json\/wp\/v2\/comments?post=14491"}],"version-history":[{"count":1,"href":"https:\/\/www.bibliotecadeseguranca.com.br\/en\/wp-json\/wp\/v2\/posts\/14491\/revisions"}],"predecessor-version":[{"id":14493,"href":"https:\/\/www.bibliotecadeseguranca.com.br\/en\/wp-json\/wp\/v2\/posts\/14491\/revisions\/14493"}],"wp:featuredmedia":[{"embeddable":true,"href":"https:\/\/www.bibliotecadeseguranca.com.br\/en\/wp-json\/wp\/v2\/media\/14492"}],"wp:attachment":[{"href":"https:\/\/www.bibliotecadeseguranca.com.br\/en\/wp-json\/wp\/v2\/media?parent=14491"}],"wp:term":[{"taxonomy":"category","embeddable":true,"href":"https:\/\/www.bibliotecadeseguranca.com.br\/en\/wp-json\/wp\/v2\/categories?post=14491"},{"taxonomy":"post_tag","embeddable":true,"href":"https:\/\/www.bibliotecadeseguranca.com.br\/en\/wp-json\/wp\/v2\/tags?post=14491"}],"curies":[{"name":"wp","href":"https:\/\/api.w.org\/{rel}","templated":true}]}}