{"id":14406,"date":"2017-11-20T13:00:30","date_gmt":"2017-11-20T16:00:30","guid":{"rendered":"http:\/\/www.bibliotecadeseguranca.com.br\/en\/?p=14406"},"modified":"2017-11-20T10:16:45","modified_gmt":"2017-11-20T13:16:45","slug":"seguranca-publica-e-ministerio-publico","status":"publish","type":"post","link":"https:\/\/www.bibliotecadeseguranca.com.br\/en\/livros\/seguranca-publica-e-ministerio-publico\/","title":{"rendered":"Seguran\u00e7a P\u00fablica e Minist\u00e9rio P\u00fablico"},"content":{"rendered":"<p><span style=\"color: #003366;\"><strong><img loading=\"lazy\" decoding=\"async\" class=\"alignleft size-full wp-image-14407\" src=\"http:\/\/www.bibliotecadeseguranca.com.br\/en\/wp-content\/uploads\/2017\/11\/Seguran\u00e7a-P\u00fablica-e-Minist\u00e9rio-P\u00fablico.jpg\" alt=\"Seguran\u00e7a P\u00fablica e Minist\u00e9rio P\u00fablico\" width=\"145\" height=\"218\" srcset=\"https:\/\/www.bibliotecadeseguranca.com.br\/en\/wp-content\/uploads\/2017\/11\/Seguran\u00e7a-P\u00fablica-e-Minist\u00e9rio-P\u00fablico.jpg 145w, https:\/\/www.bibliotecadeseguranca.com.br\/en\/wp-content\/uploads\/2017\/11\/Seguran\u00e7a-P\u00fablica-e-Minist\u00e9rio-P\u00fablico-100x150.jpg 100w\" sizes=\"auto, (max-width: 145px) 100vw, 145px\" \/>Lia De Souza Siqueira<\/strong><\/span><\/p>\n<p><span style=\"color: #003366;\"><strong>Publisher Lumen Juris<\/strong><\/span><\/p>\n<p><span style=\"color: #003366;\"><strong>Overview:<\/strong><\/span> Esta obra lan\u00e7a luz sobre o papel do Minist\u00e9rio P\u00fablico brasileiro como agente de promo\u00e7\u00e3o de seguran\u00e7a p\u00fablica, tema cuja import\u00e2ncia \u00e9 percebida pelos \u00edndices de criminalidade no Brasil, um dos mais altos do mundo.<br \/>\nA seguran\u00e7a p\u00fablica \u00e9 direito fundamental prestacional estabelecido pela Constitui\u00e7\u00e3o. Por isso, ela deve ser garantida pelo Estado, sem excessos ou insufici\u00eancias, por meio de pol\u00edticas p\u00fablicas que devem conjugar repress\u00e3o e preven\u00e7\u00e3o, aliando o sistema de justi\u00e7a criminal, a pol\u00edcia e mecanismos da teoria das janelas quebradas, da preven\u00e7\u00e3o situacional, da teoria das atividades rotineiras, do policiamento comunit\u00e1rio e do policiamento voltado a solu\u00e7\u00e3o de problemas.<br \/>\nNo Brasil, o Minist\u00e9rio P\u00fablico desempenha papel central na seguran\u00e7a p\u00fablica, pois tem \u00e0 sua disposi\u00e7\u00e3o mecanismos judiciais e extrajudiciais para garantir esse direito fundamental. O Minist\u00e9rio P\u00fablico \u00e9 importante para quebrar a in\u00e9rcia do Poder Judici\u00e1rio para que este controle os atos dos Poderes Legislativo e Executivo, possibilitando o aprofundamento dos crit\u00e9rios do m\u00ednimo existencial, reserva do poss\u00edvel e proporcionalidade, a fim de promover um salto de qualidade nas decis\u00f5es judiciais sobre a seguran\u00e7a p\u00fablica. As a\u00e7\u00f5es coletivas ajuizadas pelos membros da institui\u00e7\u00e3o s\u00e3o essenciais para o controle do or\u00e7amento p\u00fablico e para a aplica\u00e7\u00e3o dos instrumentos mais modernos \u00e0 disposi\u00e7\u00e3o das pol\u00edticas de seguran\u00e7a p\u00fablica.<br \/>\nPor sua vez, os instrumentos extrajudiciais usados pelo Minist\u00e9rio P\u00fablico s\u00e3o relevantes para impactar a pr\u00f3pria origem da pol\u00edtica p\u00fablica e promover legitimidade para as a\u00e7\u00f5es estatais. Os membros da institui\u00e7\u00e3o est\u00e3o presentes em todas as fases do ciclo da pol\u00edtica p\u00fablica, por isso podem encorajar a comunidade a participar, al\u00e9m de coordenar os atores da rede das pol\u00edticas de seguran\u00e7a p\u00fablica, a fim de garantir efici\u00eancia no enfrentamento da criminalidade e garantir o bem-estar da popula\u00e7\u00e3o brasileira.<\/p>\n","protected":false},"excerpt":{"rendered":"<p>Lia De Souza Siqueira Publisher Lumen Juris Overview: Esta obra lan\u00e7a luz sobre o papel do Minist\u00e9rio P\u00fablico brasileiro como agente de promo\u00e7\u00e3o de seguran\u00e7a p\u00fablica, tema cuja import\u00e2ncia \u00e9 percebida pelos \u00edndices de criminalidade no Brasil, um dos mais altos do mundo. A seguran\u00e7a p\u00fablica \u00e9 direito fundamental prestacional estabelecido pela Constitui\u00e7\u00e3o. Por isso, ela deve ser garantida pelo Estado, sem excessos ou insufici\u00eancias, por meio de pol\u00edticas p\u00fablicas&hellip; <\/p>\n","protected":false},"author":3,"featured_media":14407,"comment_status":"open","ping_status":"closed","sticky":false,"template":"","format":"standard","meta":{"footnotes":""},"categories":[6,10,15,25],"tags":[],"class_list":["post-14406","post","type-post","status-publish","format-standard","has-post-thumbnail","hentry","category-livros","category-crime-violencia-e-criminologia","category-fraude-e-investigacao","category-seguranca-publica-e-defesa"],"views":459,"_links":{"self":[{"href":"https:\/\/www.bibliotecadeseguranca.com.br\/en\/wp-json\/wp\/v2\/posts\/14406","targetHints":{"allow":["GET"]}}],"collection":[{"href":"https:\/\/www.bibliotecadeseguranca.com.br\/en\/wp-json\/wp\/v2\/posts"}],"about":[{"href":"https:\/\/www.bibliotecadeseguranca.com.br\/en\/wp-json\/wp\/v2\/types\/post"}],"author":[{"embeddable":true,"href":"https:\/\/www.bibliotecadeseguranca.com.br\/en\/wp-json\/wp\/v2\/users\/3"}],"replies":[{"embeddable":true,"href":"https:\/\/www.bibliotecadeseguranca.com.br\/en\/wp-json\/wp\/v2\/comments?post=14406"}],"version-history":[{"count":1,"href":"https:\/\/www.bibliotecadeseguranca.com.br\/en\/wp-json\/wp\/v2\/posts\/14406\/revisions"}],"predecessor-version":[{"id":14408,"href":"https:\/\/www.bibliotecadeseguranca.com.br\/en\/wp-json\/wp\/v2\/posts\/14406\/revisions\/14408"}],"wp:featuredmedia":[{"embeddable":true,"href":"https:\/\/www.bibliotecadeseguranca.com.br\/en\/wp-json\/wp\/v2\/media\/14407"}],"wp:attachment":[{"href":"https:\/\/www.bibliotecadeseguranca.com.br\/en\/wp-json\/wp\/v2\/media?parent=14406"}],"wp:term":[{"taxonomy":"category","embeddable":true,"href":"https:\/\/www.bibliotecadeseguranca.com.br\/en\/wp-json\/wp\/v2\/categories?post=14406"},{"taxonomy":"post_tag","embeddable":true,"href":"https:\/\/www.bibliotecadeseguranca.com.br\/en\/wp-json\/wp\/v2\/tags?post=14406"}],"curies":[{"name":"wp","href":"https:\/\/api.w.org\/{rel}","templated":true}]}}