{"id":13942,"date":"2017-05-05T14:00:42","date_gmt":"2017-05-05T17:00:42","guid":{"rendered":"http:\/\/www.bibliotecadeseguranca.com.br\/en\/?p=13942"},"modified":"2017-05-05T12:04:35","modified_gmt":"2017-05-05T15:04:35","slug":"anuario-2010-de-la-seguridad-regional-en-america-latina-y-el-caribe","status":"publish","type":"post","link":"https:\/\/www.bibliotecadeseguranca.com.br\/en\/livros\/anuario-2010-de-la-seguridad-regional-en-america-latina-y-el-caribe\/","title":{"rendered":"Anuario 2010 de la Seguridad Regional en Am\u00e9rica Latina y el Caribe"},"content":{"rendered":"<p><span style=\"color: #003366;\"><strong><img loading=\"lazy\" decoding=\"async\" class=\"alignleft size-full wp-image-13943\" src=\"http:\/\/www.bibliotecadeseguranca.com.br\/en\/wp-content\/uploads\/2017\/05\/Anuario-2010-de-la-Seguridad-Regional-en-Am\u00e9rica-Latina-y-el-Caribe.jpg\" alt=\"Anuario 2010 de la Seguridad Regional en Am\u00e9rica Latina y el Caribe\" width=\"145\" height=\"190\" srcset=\"https:\/\/www.bibliotecadeseguranca.com.br\/en\/wp-content\/uploads\/2017\/05\/Anuario-2010-de-la-Seguridad-Regional-en-Am\u00e9rica-Latina-y-el-Caribe.jpg 145w, https:\/\/www.bibliotecadeseguranca.com.br\/en\/wp-content\/uploads\/2017\/05\/Anuario-2010-de-la-Seguridad-Regional-en-Am\u00e9rica-Latina-y-el-Caribe-114x150.jpg 114w\" sizes=\"auto, (max-width: 145px) 100vw, 145px\" \/>Hans Mathieu, Paula Rodriguez Arredondo<\/strong><\/span><\/p>\n<p><span style=\"color: #003366;\"><strong>Publisher FES<\/strong><\/span><\/p>\n<p><span style=\"color: #003366;\"><strong>Overview:<\/strong><\/span> En general, durante 2009 las din\u00e1micas geopol\u00edticas que se observaron en Am\u00e9rica Latina y el Caribe en 2008 se mantuvieron: diferencias ideol\u00f3gicas profundas entre los pa\u00edses en las concepciones de seguridad y defensa, menor influencia de Estados Unidos en la regi\u00f3n, sistemas democr\u00e1ticos muy vulnerables caracterizados por un fuerte presidencialismo con marcados tintes autoritarios, y el crimen organizado transnacional como la amenaza m\u00e1s compleja que enfrentan los Estados.<\/p>\n<p><a href=\"http:\/\/www.bibliotecadeseguranca.com.br\/wp-content\/uploads\/2017\/05\/20101231_seguridad_regional_en_america_latina_caribe_anuario_2010_LIVRO.pdf\" target=\"_blank\" rel=\"noopener noreferrer\"><img loading=\"lazy\" decoding=\"async\" class=\"alignleft wp-image-11251 size-full\" src=\"http:\/\/www.bibliotecadeseguranca.com.br\/en\/wp-content\/uploads\/2014\/08\/download.gif\" alt=\"Download\" width=\"89\" height=\"25\" \/><\/a><\/p>\n","protected":false},"excerpt":{"rendered":"<p>Hans Mathieu, Paula Rodriguez Arredondo Publisher FES Overview: En general, durante 2009 las din\u00e1micas geopol\u00edticas que se observaron en Am\u00e9rica Latina y el Caribe en 2008 se mantuvieron: diferencias ideol\u00f3gicas profundas entre los pa\u00edses en las concepciones de seguridad y defensa, menor influencia de Estados Unidos en la regi\u00f3n, sistemas democr\u00e1ticos muy vulnerables caracterizados por un fuerte presidencialismo con marcados tintes autoritarios, y el crimen organizado transnacional como la amenaza&hellip; <\/p>\n","protected":false},"author":3,"featured_media":13943,"comment_status":"open","ping_status":"closed","sticky":false,"template":"","format":"standard","meta":{"footnotes":""},"categories":[6,112,81,25],"tags":[],"class_list":["post-13942","post","type-post","status-publish","format-standard","has-post-thumbnail","hentry","category-livros","category-download","category-espanol","category-seguranca-publica-e-defesa"],"views":317,"_links":{"self":[{"href":"https:\/\/www.bibliotecadeseguranca.com.br\/en\/wp-json\/wp\/v2\/posts\/13942","targetHints":{"allow":["GET"]}}],"collection":[{"href":"https:\/\/www.bibliotecadeseguranca.com.br\/en\/wp-json\/wp\/v2\/posts"}],"about":[{"href":"https:\/\/www.bibliotecadeseguranca.com.br\/en\/wp-json\/wp\/v2\/types\/post"}],"author":[{"embeddable":true,"href":"https:\/\/www.bibliotecadeseguranca.com.br\/en\/wp-json\/wp\/v2\/users\/3"}],"replies":[{"embeddable":true,"href":"https:\/\/www.bibliotecadeseguranca.com.br\/en\/wp-json\/wp\/v2\/comments?post=13942"}],"version-history":[{"count":1,"href":"https:\/\/www.bibliotecadeseguranca.com.br\/en\/wp-json\/wp\/v2\/posts\/13942\/revisions"}],"predecessor-version":[{"id":13944,"href":"https:\/\/www.bibliotecadeseguranca.com.br\/en\/wp-json\/wp\/v2\/posts\/13942\/revisions\/13944"}],"wp:featuredmedia":[{"embeddable":true,"href":"https:\/\/www.bibliotecadeseguranca.com.br\/en\/wp-json\/wp\/v2\/media\/13943"}],"wp:attachment":[{"href":"https:\/\/www.bibliotecadeseguranca.com.br\/en\/wp-json\/wp\/v2\/media?parent=13942"}],"wp:term":[{"taxonomy":"category","embeddable":true,"href":"https:\/\/www.bibliotecadeseguranca.com.br\/en\/wp-json\/wp\/v2\/categories?post=13942"},{"taxonomy":"post_tag","embeddable":true,"href":"https:\/\/www.bibliotecadeseguranca.com.br\/en\/wp-json\/wp\/v2\/tags?post=13942"}],"curies":[{"name":"wp","href":"https:\/\/api.w.org\/{rel}","templated":true}]}}