{"id":13844,"date":"2017-03-23T14:00:41","date_gmt":"2017-03-23T17:00:41","guid":{"rendered":"http:\/\/www.bibliotecadeseguranca.com.br\/en\/?p=13844"},"modified":"2017-03-23T11:43:59","modified_gmt":"2017-03-23T14:43:59","slug":"vigilancia-eletronica-a-distancia","status":"publish","type":"post","link":"https:\/\/www.bibliotecadeseguranca.com.br\/en\/livros\/vigilancia-eletronica-a-distancia\/","title":{"rendered":"Vigil\u00e2ncia Eletr\u00f4nica \u00e0 Dist\u00e2ncia"},"content":{"rendered":"<p><span style=\"color: #003366;\"><strong><img loading=\"lazy\" decoding=\"async\" class=\"alignleft size-full wp-image-13845\" src=\"http:\/\/www.bibliotecadeseguranca.com.br\/en\/wp-content\/uploads\/2017\/03\/Vigil\u00e2ncia-Eletr\u00f4nica-\u00e0-Dist\u00e2ncia.jpg\" alt=\"Vigil\u00e2ncia Eletr\u00f4nica \u00e0 Dist\u00e2ncia\" width=\"145\" height=\"200\" srcset=\"https:\/\/www.bibliotecadeseguranca.com.br\/en\/wp-content\/uploads\/2017\/03\/Vigil\u00e2ncia-Eletr\u00f4nica-\u00e0-Dist\u00e2ncia.jpg 145w, https:\/\/www.bibliotecadeseguranca.com.br\/en\/wp-content\/uploads\/2017\/03\/Vigil\u00e2ncia-Eletr\u00f4nica-\u00e0-Dist\u00e2ncia-109x150.jpg 109w\" sizes=\"auto, (max-width: 145px) 100vw, 145px\" \/>C\u00e9sar Barros Leal<\/strong><\/span><\/p>\n<p><span style=\"color: #003366;\"><strong>Publisher Juru\u00e1<\/strong><\/span><\/p>\n<p><span style=\"color: #003366;\"><strong>Overview:<\/strong><\/span> A percep\u00e7\u00e3o do fracasso da pena privativa de liberdade como instrumento de readapta\u00e7\u00e3o (e tamb\u00e9m de castigo), associado \u00e0s despesas imensas na manuten\u00e7\u00e3o do sistema penitenci\u00e1rio, tem estimulado a cria\u00e7\u00e3o e aplica\u00e7\u00e3o de novas san\u00e7\u00f5es, n\u00e3o privativas de liberdade, destinadas em particular aos condenados por delitos menores, reservando-se a pris\u00e3o, desde a perspectiva de um direito penal m\u00ednimo, como exce\u00e7\u00e3o \u00e0 regra, aos violentos, aos habituais, aos multirreincidentes, aos que representam um s\u00e9rio risco \u00e0 sociedade. Ditos substitutivos, um dos principais desafios do moderno Direito penal, que favorecem a um custo muito menor a reinser\u00e7\u00e3o social dos reclusos, est\u00e3o sendo aplicados com resultados nitidamente positivos em muitas partes do mundo, inclusive na Am\u00e9rica Latina. Nesta tessitura &#8211; da decad\u00eancia do c\u00e1rcere e da busca de novos rumos no universo penal -, deve-se vislumbrar a experi\u00eancia do monitoramento eletr\u00f4nico \u00e0 dist\u00e2ncia, hoje desenvolvida nos quatro continentes. Na Am\u00e9rica Latina, s\u00e3o poucos os pa\u00edses que est\u00e3o adotando este extraordin\u00e1rio avan\u00e7o da justi\u00e7a criminal. Como se trata de algo novo na regi\u00e3o, os estudos s\u00e3o escassos, n\u00e3o t\u00eam sistematiza\u00e7\u00e3o e lhes falta uma vis\u00e3o global que situe a quest\u00e3o no contexto das pol\u00edticas criminais e penitenci\u00e1rias, assim como da seguran\u00e7a p\u00fablica. Esta investiga\u00e7\u00e3o, depois de mostrar a origem, os fins e os modelos atualmente empregados do monitoramento eletr\u00f4nico, exp\u00f5e os principais argumentos favor\u00e1veis e contr\u00e1rios \u00e0 sua ado\u00e7\u00e3o, as experi\u00eancias de diferentes na\u00e7\u00f5es e particularmente da Am\u00e9rica Latina e, por \u00faltimo, apresenta conclus\u00f5es e recomenda\u00e7\u00f5es para os pa\u00edses latino-americanos que queiram implantar, fortalecer e\/ou ampliar a nova tecnologia.<\/p>\n","protected":false},"excerpt":{"rendered":"<p>C\u00e9sar Barros Leal Publisher Juru\u00e1 Overview: A percep\u00e7\u00e3o do fracasso da pena privativa de liberdade como instrumento de readapta\u00e7\u00e3o (e tamb\u00e9m de castigo), associado \u00e0s despesas imensas na manuten\u00e7\u00e3o do sistema penitenci\u00e1rio, tem estimulado a cria\u00e7\u00e3o e aplica\u00e7\u00e3o de novas san\u00e7\u00f5es, n\u00e3o privativas de liberdade, destinadas em particular aos condenados por delitos menores, reservando-se a pris\u00e3o, desde a perspectiva de um direito penal m\u00ednimo, como exce\u00e7\u00e3o \u00e0 regra, aos violentos,&hellip; <\/p>\n","protected":false},"author":3,"featured_media":13845,"comment_status":"open","ping_status":"closed","sticky":false,"template":"","format":"standard","meta":{"footnotes":""},"categories":[6,22,25],"tags":[],"class_list":["post-13844","post","type-post","status-publish","format-standard","has-post-thumbnail","hentry","category-livros","category-seguranca-eletronica","category-seguranca-publica-e-defesa"],"views":400,"_links":{"self":[{"href":"https:\/\/www.bibliotecadeseguranca.com.br\/en\/wp-json\/wp\/v2\/posts\/13844","targetHints":{"allow":["GET"]}}],"collection":[{"href":"https:\/\/www.bibliotecadeseguranca.com.br\/en\/wp-json\/wp\/v2\/posts"}],"about":[{"href":"https:\/\/www.bibliotecadeseguranca.com.br\/en\/wp-json\/wp\/v2\/types\/post"}],"author":[{"embeddable":true,"href":"https:\/\/www.bibliotecadeseguranca.com.br\/en\/wp-json\/wp\/v2\/users\/3"}],"replies":[{"embeddable":true,"href":"https:\/\/www.bibliotecadeseguranca.com.br\/en\/wp-json\/wp\/v2\/comments?post=13844"}],"version-history":[{"count":1,"href":"https:\/\/www.bibliotecadeseguranca.com.br\/en\/wp-json\/wp\/v2\/posts\/13844\/revisions"}],"predecessor-version":[{"id":13846,"href":"https:\/\/www.bibliotecadeseguranca.com.br\/en\/wp-json\/wp\/v2\/posts\/13844\/revisions\/13846"}],"wp:featuredmedia":[{"embeddable":true,"href":"https:\/\/www.bibliotecadeseguranca.com.br\/en\/wp-json\/wp\/v2\/media\/13845"}],"wp:attachment":[{"href":"https:\/\/www.bibliotecadeseguranca.com.br\/en\/wp-json\/wp\/v2\/media?parent=13844"}],"wp:term":[{"taxonomy":"category","embeddable":true,"href":"https:\/\/www.bibliotecadeseguranca.com.br\/en\/wp-json\/wp\/v2\/categories?post=13844"},{"taxonomy":"post_tag","embeddable":true,"href":"https:\/\/www.bibliotecadeseguranca.com.br\/en\/wp-json\/wp\/v2\/tags?post=13844"}],"curies":[{"name":"wp","href":"https:\/\/api.w.org\/{rel}","templated":true}]}}