{"id":13783,"date":"2017-02-21T14:00:52","date_gmt":"2017-02-21T17:00:52","guid":{"rendered":"http:\/\/www.bibliotecadeseguranca.com.br\/en\/?p=13783"},"modified":"2017-02-21T12:36:44","modified_gmt":"2017-02-21T15:36:44","slug":"gestao-corporativa-teoria-e-pratica","status":"publish","type":"post","link":"https:\/\/www.bibliotecadeseguranca.com.br\/en\/livros\/gestao-corporativa-teoria-e-pratica\/","title":{"rendered":"Gest\u00e3o Corporativa &#8211; Teoria e Pr\u00e1tica"},"content":{"rendered":"<p><span style=\"color: #003366;\"><strong><img loading=\"lazy\" decoding=\"async\" class=\"alignleft size-full wp-image-13784\" src=\"http:\/\/www.bibliotecadeseguranca.com.br\/en\/wp-content\/uploads\/2017\/02\/Gest\u00e3o-Corporativa-Teoria-e-Pr\u00e1tica.jpg\" alt=\"Gest\u00e3o Corporativa - Teoria e Pr\u00e1tica\" width=\"145\" height=\"214\" srcset=\"https:\/\/www.bibliotecadeseguranca.com.br\/en\/wp-content\/uploads\/2017\/02\/Gest\u00e3o-Corporativa-Teoria-e-Pr\u00e1tica.jpg 145w, https:\/\/www.bibliotecadeseguranca.com.br\/en\/wp-content\/uploads\/2017\/02\/Gest\u00e3o-Corporativa-Teoria-e-Pr\u00e1tica-102x150.jpg 102w\" sizes=\"auto, (max-width: 145px) 100vw, 145px\" \/>Jos\u00e9 Carlos Carota, Roberto Domanico Filho<\/strong><\/span><\/p>\n<p><span style=\"color: #003366;\"><strong>Publisher Freitas Bastos<\/strong><\/span><\/p>\n<p><span style=\"color: #003366;\"><strong>Overview:<\/strong><\/span> \u00c9 uma obra interdisciplinar abrangendo as mat\u00e9rias das \u00e1reas de: Administra\u00e7\u00e3o, Contabilidade, Finan\u00e7as e Direito Empresarial. O livro aborda de forma clara e objetiva os principais temas que envolvem a empresa brasileira, destacando as bases te\u00f3ricas da mat\u00e9ria para em seguida efetuar o desenvolvimento pr\u00e1tico dos t\u00f3picos de maior complexidade demonstrando como associar teoria e pr\u00e1tica. A obra destaca os seguintes pontos: fluxo de caixa, or\u00e7amento empresarial, convers\u00e3o das demonstra\u00e7\u00f5es financeiras \u2013 FASB-52, IRPJ \u2013 lucro real e presumido, principais tipos de sociedades empres\u00e1rias, recupera\u00e7\u00e3o judicial e fal\u00eancia, erros e fraudes nas sociedades empres\u00e1rias e estudo sobre a Zona Franca de Manaus no \u00e2mbito tribut\u00e1rio e de neg\u00f3cios. Este verdadeiro manual de instru\u00e7\u00f5es do gestor destina-se a estudantes, professores, administradores, contadores, advogados, consultores e demais profissionais da \u00e1rea empresarial e acad\u00eamica. Gest\u00e3o Corporativa \u2013 Teoria e Pr\u00e1tica atende de forma in\u00e9dita a uma demanda de mercado onde o leitor adquire o conceito da mat\u00e9ria e, em seguida, tem a oportunidade de, atrav\u00e9s de exemplos pr\u00e1ticos elaborados de forma descomplicada, analisar a utiliza\u00e7\u00e3o da teoria para, enfim, utilizar o conhecimento adquirido como ferramenta de gest\u00e3o empresarial. Jos\u00e9 Carlos Carota \u00e9 Doutor em Direito, especialista em Finan\u00e7as e Controladoria, atuou como Controller e Diretor Financeiro de v\u00e1rias empresas e \u00e9 professor universit\u00e1rio. Autor de v\u00e1rias obras na \u00e1rea corporativa e jur\u00eddica. Roberto Domanico Filho \u00e9 administrador, consultor e autor de obras na \u00e1rea corporativa.<\/p>\n","protected":false},"excerpt":{"rendered":"<p>Jos\u00e9 Carlos Carota, Roberto Domanico Filho Publisher Freitas Bastos Overview: \u00c9 uma obra interdisciplinar abrangendo as mat\u00e9rias das \u00e1reas de: Administra\u00e7\u00e3o, Contabilidade, Finan\u00e7as e Direito Empresarial. O livro aborda de forma clara e objetiva os principais temas que envolvem a empresa brasileira, destacando as bases te\u00f3ricas da mat\u00e9ria para em seguida efetuar o desenvolvimento pr\u00e1tico dos t\u00f3picos de maior complexidade demonstrando como associar teoria e pr\u00e1tica. A obra destaca os&hellip; <\/p>\n","protected":false},"author":3,"featured_media":13784,"comment_status":"open","ping_status":"closed","sticky":false,"template":"","format":"standard","meta":{"footnotes":""},"categories":[14,6],"tags":[],"class_list":["post-13783","post","type-post","status-publish","format-standard","has-post-thumbnail","hentry","category-administracao-e-estrategia-empresarial","category-livros"],"views":507,"_links":{"self":[{"href":"https:\/\/www.bibliotecadeseguranca.com.br\/en\/wp-json\/wp\/v2\/posts\/13783","targetHints":{"allow":["GET"]}}],"collection":[{"href":"https:\/\/www.bibliotecadeseguranca.com.br\/en\/wp-json\/wp\/v2\/posts"}],"about":[{"href":"https:\/\/www.bibliotecadeseguranca.com.br\/en\/wp-json\/wp\/v2\/types\/post"}],"author":[{"embeddable":true,"href":"https:\/\/www.bibliotecadeseguranca.com.br\/en\/wp-json\/wp\/v2\/users\/3"}],"replies":[{"embeddable":true,"href":"https:\/\/www.bibliotecadeseguranca.com.br\/en\/wp-json\/wp\/v2\/comments?post=13783"}],"version-history":[{"count":1,"href":"https:\/\/www.bibliotecadeseguranca.com.br\/en\/wp-json\/wp\/v2\/posts\/13783\/revisions"}],"predecessor-version":[{"id":13785,"href":"https:\/\/www.bibliotecadeseguranca.com.br\/en\/wp-json\/wp\/v2\/posts\/13783\/revisions\/13785"}],"wp:featuredmedia":[{"embeddable":true,"href":"https:\/\/www.bibliotecadeseguranca.com.br\/en\/wp-json\/wp\/v2\/media\/13784"}],"wp:attachment":[{"href":"https:\/\/www.bibliotecadeseguranca.com.br\/en\/wp-json\/wp\/v2\/media?parent=13783"}],"wp:term":[{"taxonomy":"category","embeddable":true,"href":"https:\/\/www.bibliotecadeseguranca.com.br\/en\/wp-json\/wp\/v2\/categories?post=13783"},{"taxonomy":"post_tag","embeddable":true,"href":"https:\/\/www.bibliotecadeseguranca.com.br\/en\/wp-json\/wp\/v2\/tags?post=13783"}],"curies":[{"name":"wp","href":"https:\/\/api.w.org\/{rel}","templated":true}]}}