{"id":13722,"date":"2017-01-26T13:00:58","date_gmt":"2017-01-26T16:00:58","guid":{"rendered":"http:\/\/www.bibliotecadeseguranca.com.br\/en\/?p=13722"},"modified":"2017-01-26T10:19:59","modified_gmt":"2017-01-26T13:19:59","slug":"defesa-seguranca-e-estrategia","status":"publish","type":"post","link":"https:\/\/www.bibliotecadeseguranca.com.br\/en\/livros\/defesa-seguranca-e-estrategia\/","title":{"rendered":"Defesa, Seguran\u00e7a e Estrat\u00e9gia"},"content":{"rendered":"<p><span style=\"color: #003366;\"><strong><img loading=\"lazy\" decoding=\"async\" class=\"alignleft size-full wp-image-13723\" src=\"http:\/\/www.bibliotecadeseguranca.com.br\/en\/wp-content\/uploads\/2017\/01\/Defesa-Seguran\u00e7a-e-Estrat\u00e9gia.jpg\" alt=\"Defesa, Seguran\u00e7a e Estrat\u00e9gia\" width=\"145\" height=\"220\" srcset=\"https:\/\/www.bibliotecadeseguranca.com.br\/en\/wp-content\/uploads\/2017\/01\/Defesa-Seguran\u00e7a-e-Estrat\u00e9gia.jpg 145w, https:\/\/www.bibliotecadeseguranca.com.br\/en\/wp-content\/uploads\/2017\/01\/Defesa-Seguran\u00e7a-e-Estrat\u00e9gia-99x150.jpg 99w\" sizes=\"auto, (max-width: 145px) 100vw, 145px\" \/>Eduardo Svartman, Eduardo Mei, Thiago Rodrigues<\/strong><\/span><\/p>\n<p><span style=\"color: #003366;\"><strong>Publisher Mercado de Letras<\/strong><\/span><\/p>\n<p><span style=\"color: #003366;\"><strong>Overview:<\/strong><\/span> H\u00e1 quase 3 dec\u00eanios das primeiras iniciativas acad\u00eamicas civis de cria\u00e7\u00e3o de grupos de estudos estrat\u00e9gicos &#8211; defesa, rela\u00e7\u00f5es civil-militares e rela\u00e7\u00f5es interestatais -, e h\u00e1 6 anos da cria\u00e7\u00e3o da ABED, no seu V Encontro, a tem\u00e1tica da defesa consolida-se como \u00e1rea de pesquisas cient\u00edficas. Testemunhamos todos as dificuldades enfrentadas nesse empreendimento. Desconfian\u00e7as generalizadas: de pesquisadores civis para com os estudos estrat\u00e9gicos, de civis para com os militares, de militares para com os civis, de nacionais para com estrangeiros e destes para com os nacionais; dificuldades para obten\u00e7\u00e3o de reconhecimento acad\u00eamico e financiamento perante as institui\u00e7\u00f5es de fomento \u00e0 pesquisa. Se h\u00e1 muito por fazer e a caminhar, trilhamos o bom caminho e os resultados s\u00e3o not\u00f3rios. Mais e mais a desconfian\u00e7a cede lugar ao di\u00e1logo, e o conflito \u00e0 colabora\u00e7\u00e3o. \u00c9 o que se depreende do \u00eaxito do V ENABED, realizado em Fortaleza de 08 a 10 de agosto de 2011. De fato, a excelente qualidade dos trabalhos apresentados, a amplitude dos temas, al\u00e9m da distribui\u00e7\u00e3o geogr\u00e1fica dos pesquisadores e das academias civis e militares participantes, evidenciam que a iniciativa de um grupo inicialmente pequeno frutificou e disseminou-se, fincando as ra\u00edzes de um s\u00f3lido e vigoroso campo de pesquisas.<\/p>\n","protected":false},"excerpt":{"rendered":"<p>Eduardo Svartman, Eduardo Mei, Thiago Rodrigues Publisher Mercado de Letras Overview: H\u00e1 quase 3 dec\u00eanios das primeiras iniciativas acad\u00eamicas civis de cria\u00e7\u00e3o de grupos de estudos estrat\u00e9gicos &#8211; defesa, rela\u00e7\u00f5es civil-militares e rela\u00e7\u00f5es interestatais -, e h\u00e1 6 anos da cria\u00e7\u00e3o da ABED, no seu V Encontro, a tem\u00e1tica da defesa consolida-se como \u00e1rea de pesquisas cient\u00edficas. Testemunhamos todos as dificuldades enfrentadas nesse empreendimento. Desconfian\u00e7as generalizadas: de pesquisadores civis para&hellip; <\/p>\n","protected":false},"author":3,"featured_media":13723,"comment_status":"open","ping_status":"closed","sticky":false,"template":"","format":"standard","meta":{"footnotes":""},"categories":[6,25],"tags":[],"class_list":["post-13722","post","type-post","status-publish","format-standard","has-post-thumbnail","hentry","category-livros","category-seguranca-publica-e-defesa"],"views":301,"_links":{"self":[{"href":"https:\/\/www.bibliotecadeseguranca.com.br\/en\/wp-json\/wp\/v2\/posts\/13722","targetHints":{"allow":["GET"]}}],"collection":[{"href":"https:\/\/www.bibliotecadeseguranca.com.br\/en\/wp-json\/wp\/v2\/posts"}],"about":[{"href":"https:\/\/www.bibliotecadeseguranca.com.br\/en\/wp-json\/wp\/v2\/types\/post"}],"author":[{"embeddable":true,"href":"https:\/\/www.bibliotecadeseguranca.com.br\/en\/wp-json\/wp\/v2\/users\/3"}],"replies":[{"embeddable":true,"href":"https:\/\/www.bibliotecadeseguranca.com.br\/en\/wp-json\/wp\/v2\/comments?post=13722"}],"version-history":[{"count":1,"href":"https:\/\/www.bibliotecadeseguranca.com.br\/en\/wp-json\/wp\/v2\/posts\/13722\/revisions"}],"predecessor-version":[{"id":13724,"href":"https:\/\/www.bibliotecadeseguranca.com.br\/en\/wp-json\/wp\/v2\/posts\/13722\/revisions\/13724"}],"wp:featuredmedia":[{"embeddable":true,"href":"https:\/\/www.bibliotecadeseguranca.com.br\/en\/wp-json\/wp\/v2\/media\/13723"}],"wp:attachment":[{"href":"https:\/\/www.bibliotecadeseguranca.com.br\/en\/wp-json\/wp\/v2\/media?parent=13722"}],"wp:term":[{"taxonomy":"category","embeddable":true,"href":"https:\/\/www.bibliotecadeseguranca.com.br\/en\/wp-json\/wp\/v2\/categories?post=13722"},{"taxonomy":"post_tag","embeddable":true,"href":"https:\/\/www.bibliotecadeseguranca.com.br\/en\/wp-json\/wp\/v2\/tags?post=13722"}],"curies":[{"name":"wp","href":"https:\/\/api.w.org\/{rel}","templated":true}]}}