{"id":13379,"date":"2016-09-01T14:00:55","date_gmt":"2016-09-01T17:00:55","guid":{"rendered":"http:\/\/www.bibliotecadeseguranca.com.br\/en\/?p=13379"},"modified":"2016-09-01T12:40:01","modified_gmt":"2016-09-01T15:40:01","slug":"violencia-e-seguranca-publica-em-2023","status":"publish","type":"post","link":"https:\/\/www.bibliotecadeseguranca.com.br\/en\/livros\/violencia-e-seguranca-publica-em-2023\/","title":{"rendered":"Viol\u00eancia e Seguran\u00e7a P\u00fablica em 2023"},"content":{"rendered":"<p><span style=\"color: #003366;\"><strong><img loading=\"lazy\" decoding=\"async\" class=\"alignleft size-full wp-image-13380\" src=\"http:\/\/www.bibliotecadeseguranca.com.br\/en\/wp-content\/uploads\/2016\/09\/Viol\u00eancia-e-Seguran\u00e7a-P\u00fablica-em-2023.jpg\" alt=\"Viol\u00eancia e Seguran\u00e7a P\u00fablica em 2023\" width=\"145\" height=\"209\" srcset=\"https:\/\/www.bibliotecadeseguranca.com.br\/en\/wp-content\/uploads\/2016\/09\/Viol\u00eancia-e-Seguran\u00e7a-P\u00fablica-em-2023.jpg 145w, https:\/\/www.bibliotecadeseguranca.com.br\/en\/wp-content\/uploads\/2016\/09\/Viol\u00eancia-e-Seguran\u00e7a-P\u00fablica-em-2023-104x150.jpg 104w\" sizes=\"auto, (max-width: 145px) 100vw, 145px\" \/>Helder Rog\u00e9rio Sant\u2019Ana Ferreira, Elaine Coutinho Marcial<\/strong><\/span><\/p>\n<p><span style=\"color: #003366;\"><strong>Publisher IPEA<\/strong><\/span><\/p>\n<p><span style=\"color: #003366;\"><strong>Overview:<\/strong><\/span> O Ipea, conforme seu \u00faltimo processo de planejamento estrat\u00e9gico, tem a miss\u00e3o de \u201caprimorar as pol\u00edticas p\u00fablicas essenciais ao desenvolvimento brasileiro por meio da produ\u00e7\u00e3o e dissemina\u00e7\u00e3o de conhecimentos e da assessoria ao Estado nas suas decis\u00f5es estrat\u00e9gicas\u201d. Na \u00e1rea de seguran\u00e7a p\u00fablica, o Ipea j\u00e1 conta com uma ampla produ\u00e7\u00e3o, e os t\u00e9cnicos da Coordena\u00e7\u00e3o de Estudos e Pol\u00edticas do Estado e das Institui\u00e7\u00f5es t\u00eam procurado assessorar o Minist\u00e9rio da Justi\u00e7a (MJ) nesta pol\u00edtica e disseminar conhecimentos para a sociedade brasileira. O projeto A Seguran\u00e7a P\u00fablica no Brasil em 2023: uma Vis\u00e3o Prospectiva, que deu origem a este livro, teve como objetivo contribuir, por meio da constru\u00e7\u00e3o e da an\u00e1lise de cen\u00e1rios prospectivos, com o planejamento do governo federal na \u00e1rea de seguran\u00e7a p\u00fablica.<\/p>\n<p>Este livro amplia a produ\u00e7\u00e3o do Ipea, j\u00e1 consolidada na \u00e1rea de diagn\u00f3stico e acompanhamento da pol\u00edtica, para o campo do planejamento prospectivo. Nesse sentido, o trabalho \u00e9 inovador na Casa, por envolver a elabora\u00e7\u00e3o de cen\u00e1rios explorat\u00f3rios que permitem, ao se analisar o passado e o presente com um m\u00e9todo apropriado, a constru\u00e7\u00e3o de imagens a respeito do futuro que contribuem na formula\u00e7\u00e3o de melhores estrat\u00e9gias para a a\u00e7\u00e3o do Estado.<\/p>\n<p><a href=\"http:\/\/www.bibliotecadeseguranca.com.br\/wp-content\/uploads\/2016\/09\/Violencia-e-Seguranca-Publica-em-2023.pdf\" target=\"_blank\"><img loading=\"lazy\" decoding=\"async\" class=\"alignleft wp-image-11251 size-full\" src=\"http:\/\/www.bibliotecadeseguranca.com.br\/en\/wp-content\/uploads\/2014\/08\/download.gif\" alt=\"Download\" width=\"89\" height=\"25\" \/><\/a><\/p>\n","protected":false},"excerpt":{"rendered":"<p>Helder Rog\u00e9rio Sant\u2019Ana Ferreira, Elaine Coutinho Marcial Publisher IPEA Overview: O Ipea, conforme seu \u00faltimo processo de planejamento estrat\u00e9gico, tem a miss\u00e3o de \u201caprimorar as pol\u00edticas p\u00fablicas essenciais ao desenvolvimento brasileiro por meio da produ\u00e7\u00e3o e dissemina\u00e7\u00e3o de conhecimentos e da assessoria ao Estado nas suas decis\u00f5es estrat\u00e9gicas\u201d. Na \u00e1rea de seguran\u00e7a p\u00fablica, o Ipea j\u00e1 conta com uma ampla produ\u00e7\u00e3o, e os t\u00e9cnicos da Coordena\u00e7\u00e3o de Estudos e Pol\u00edticas&hellip; <\/p>\n","protected":false},"author":3,"featured_media":13380,"comment_status":"open","ping_status":"closed","sticky":false,"template":"","format":"standard","meta":{"footnotes":""},"categories":[6,112,25],"tags":[],"class_list":["post-13379","post","type-post","status-publish","format-standard","has-post-thumbnail","hentry","category-livros","category-download","category-seguranca-publica-e-defesa"],"views":1108,"_links":{"self":[{"href":"https:\/\/www.bibliotecadeseguranca.com.br\/en\/wp-json\/wp\/v2\/posts\/13379","targetHints":{"allow":["GET"]}}],"collection":[{"href":"https:\/\/www.bibliotecadeseguranca.com.br\/en\/wp-json\/wp\/v2\/posts"}],"about":[{"href":"https:\/\/www.bibliotecadeseguranca.com.br\/en\/wp-json\/wp\/v2\/types\/post"}],"author":[{"embeddable":true,"href":"https:\/\/www.bibliotecadeseguranca.com.br\/en\/wp-json\/wp\/v2\/users\/3"}],"replies":[{"embeddable":true,"href":"https:\/\/www.bibliotecadeseguranca.com.br\/en\/wp-json\/wp\/v2\/comments?post=13379"}],"version-history":[{"count":1,"href":"https:\/\/www.bibliotecadeseguranca.com.br\/en\/wp-json\/wp\/v2\/posts\/13379\/revisions"}],"predecessor-version":[{"id":13381,"href":"https:\/\/www.bibliotecadeseguranca.com.br\/en\/wp-json\/wp\/v2\/posts\/13379\/revisions\/13381"}],"wp:featuredmedia":[{"embeddable":true,"href":"https:\/\/www.bibliotecadeseguranca.com.br\/en\/wp-json\/wp\/v2\/media\/13380"}],"wp:attachment":[{"href":"https:\/\/www.bibliotecadeseguranca.com.br\/en\/wp-json\/wp\/v2\/media?parent=13379"}],"wp:term":[{"taxonomy":"category","embeddable":true,"href":"https:\/\/www.bibliotecadeseguranca.com.br\/en\/wp-json\/wp\/v2\/categories?post=13379"},{"taxonomy":"post_tag","embeddable":true,"href":"https:\/\/www.bibliotecadeseguranca.com.br\/en\/wp-json\/wp\/v2\/tags?post=13379"}],"curies":[{"name":"wp","href":"https:\/\/api.w.org\/{rel}","templated":true}]}}