{"id":13333,"date":"2016-08-12T14:00:59","date_gmt":"2016-08-12T17:00:59","guid":{"rendered":"http:\/\/www.bibliotecadeseguranca.com.br\/en\/?p=13333"},"modified":"2016-08-12T13:12:49","modified_gmt":"2016-08-12T16:12:49","slug":"vivre-avec-la-menace-terroriste","status":"publish","type":"post","link":"https:\/\/www.bibliotecadeseguranca.com.br\/en\/livros\/vivre-avec-la-menace-terroriste\/","title":{"rendered":"Vivre avec la Menace Terroriste"},"content":{"rendered":"<p><span style=\"color: #003366;\"><strong><img loading=\"lazy\" decoding=\"async\" class=\"alignleft size-full wp-image-13334\" src=\"http:\/\/www.bibliotecadeseguranca.com.br\/en\/wp-content\/uploads\/2016\/08\/Vivre-avec-la-Menace-Terroriste.jpg\" alt=\"Vivre avec la Menace Terroriste\" width=\"145\" height=\"217\" srcset=\"https:\/\/www.bibliotecadeseguranca.com.br\/en\/wp-content\/uploads\/2016\/08\/Vivre-avec-la-Menace-Terroriste.jpg 145w, https:\/\/www.bibliotecadeseguranca.com.br\/en\/wp-content\/uploads\/2016\/08\/Vivre-avec-la-Menace-Terroriste-100x150.jpg 100w\" sizes=\"auto, (max-width: 145px) 100vw, 145px\" \/>Rapha\u00ebl Saint-Vincent, Olivier Saint-Vincent<\/strong><\/span><\/p>\n<p><span style=\"color: #003366;\"><strong>Publisher\u00a0Eyrolles<\/strong><\/span><\/p>\n<p><span style=\"color: #003366;\"><strong>Overview:<\/strong><\/span> \u00ab Avec le vendredi 13 novembre 2015, le citoyen a compris que la guerre \u00e9tait ailleurs que sur son \u00e9cran de tablette ou de smartphone, qu&#8217;il lui suffisait d&#8217;ouvrir la fen\u00eatre ou de marcher dans la rue pour se retrouver sur un th\u00e9\u00e2tre d&#8217;op\u00e9rations. Chacun a compris qu&#8217;il \u00e9tait en premi\u00e8re ligne, cette fois-ci et la prochaine. Lui, le civil, pas form\u00e9 et peu inform\u00e9&#8230; \u00bb<\/p>\n<p>Depuis, on nous exhorte \u00e0 la vigilance mais nous souhaitons tous reprendre une vie normale, d\u00e9passer notre angoisse et notre peur \u00e0 l&#8217;id\u00e9e de se retrouver en terrasse ou dans un train bond\u00e9&#8230; Mais comment faire ? Que faire si \u00e7a recommence ?<\/p>\n","protected":false},"excerpt":{"rendered":"<p>Rapha\u00ebl Saint-Vincent, Olivier Saint-Vincent Publisher\u00a0Eyrolles Overview: \u00ab Avec le vendredi 13 novembre 2015, le citoyen a compris que la guerre \u00e9tait ailleurs que sur son \u00e9cran de tablette ou de smartphone, qu&#8217;il lui suffisait d&#8217;ouvrir la fen\u00eatre ou de marcher dans la rue pour se retrouver sur un th\u00e9\u00e2tre d&#8217;op\u00e9rations. Chacun a compris qu&#8217;il \u00e9tait en premi\u00e8re ligne, cette fois-ci et la prochaine. Lui, le civil, pas form\u00e9 et peu&hellip; <\/p>\n","protected":false},"author":3,"featured_media":13334,"comment_status":"open","ping_status":"closed","sticky":false,"template":"","format":"standard","meta":{"footnotes":""},"categories":[6,10,109,25],"tags":[],"class_list":["post-13333","post","type-post","status-publish","format-standard","has-post-thumbnail","hentry","category-livros","category-crime-violencia-e-criminologia","category-francais","category-seguranca-publica-e-defesa"],"views":366,"_links":{"self":[{"href":"https:\/\/www.bibliotecadeseguranca.com.br\/en\/wp-json\/wp\/v2\/posts\/13333","targetHints":{"allow":["GET"]}}],"collection":[{"href":"https:\/\/www.bibliotecadeseguranca.com.br\/en\/wp-json\/wp\/v2\/posts"}],"about":[{"href":"https:\/\/www.bibliotecadeseguranca.com.br\/en\/wp-json\/wp\/v2\/types\/post"}],"author":[{"embeddable":true,"href":"https:\/\/www.bibliotecadeseguranca.com.br\/en\/wp-json\/wp\/v2\/users\/3"}],"replies":[{"embeddable":true,"href":"https:\/\/www.bibliotecadeseguranca.com.br\/en\/wp-json\/wp\/v2\/comments?post=13333"}],"version-history":[{"count":1,"href":"https:\/\/www.bibliotecadeseguranca.com.br\/en\/wp-json\/wp\/v2\/posts\/13333\/revisions"}],"predecessor-version":[{"id":13335,"href":"https:\/\/www.bibliotecadeseguranca.com.br\/en\/wp-json\/wp\/v2\/posts\/13333\/revisions\/13335"}],"wp:featuredmedia":[{"embeddable":true,"href":"https:\/\/www.bibliotecadeseguranca.com.br\/en\/wp-json\/wp\/v2\/media\/13334"}],"wp:attachment":[{"href":"https:\/\/www.bibliotecadeseguranca.com.br\/en\/wp-json\/wp\/v2\/media?parent=13333"}],"wp:term":[{"taxonomy":"category","embeddable":true,"href":"https:\/\/www.bibliotecadeseguranca.com.br\/en\/wp-json\/wp\/v2\/categories?post=13333"},{"taxonomy":"post_tag","embeddable":true,"href":"https:\/\/www.bibliotecadeseguranca.com.br\/en\/wp-json\/wp\/v2\/tags?post=13333"}],"curies":[{"name":"wp","href":"https:\/\/api.w.org\/{rel}","templated":true}]}}