{"id":13311,"date":"2016-08-02T14:00:32","date_gmt":"2016-08-02T17:00:32","guid":{"rendered":"http:\/\/www.bibliotecadeseguranca.com.br\/en\/?p=13311"},"modified":"2016-08-02T12:50:27","modified_gmt":"2016-08-02T15:50:27","slug":"temas-interdisciplinares-em-seguranca-publica","status":"publish","type":"post","link":"https:\/\/www.bibliotecadeseguranca.com.br\/en\/livros\/temas-interdisciplinares-em-seguranca-publica\/","title":{"rendered":"Temas Interdisciplinares em Seguran\u00e7a P\u00fablica"},"content":{"rendered":"<p><span style=\"color: #003366;\"><strong><img loading=\"lazy\" decoding=\"async\" class=\"alignleft size-full wp-image-13312\" src=\"http:\/\/www.bibliotecadeseguranca.com.br\/en\/wp-content\/uploads\/2016\/08\/Temas-Interdisciplinares-em-Seguran\u00e7a-P\u00fablica.jpg\" alt=\"Temas Interdisciplinares em Seguran\u00e7a P\u00fablica\" width=\"145\" height=\"225\" srcset=\"https:\/\/www.bibliotecadeseguranca.com.br\/en\/wp-content\/uploads\/2016\/08\/Temas-Interdisciplinares-em-Seguran\u00e7a-P\u00fablica.jpg 145w, https:\/\/www.bibliotecadeseguranca.com.br\/en\/wp-content\/uploads\/2016\/08\/Temas-Interdisciplinares-em-Seguran\u00e7a-P\u00fablica-97x150.jpg 97w\" sizes=\"auto, (max-width: 145px) 100vw, 145px\" \/>Danilo Roberto Pereira Santiago, Erika Da Silva Ferr\u00e3o<\/strong><\/span><\/p>\n<p><span style=\"color: #003366;\"><strong>Publisher\u00a0CRV<\/strong><\/span><\/p>\n<p><span style=\"color: #003366;\"><strong>Overview:<\/strong><\/span> O livro \u201cTemas interdisciplinares em Seguran\u00e7a P\u00fablica\u201d faz parte de um dos projetos do Mestrado em Seguran\u00e7a P\u00fablica da UVV &#8211; Universidade Vila Velha. A obra interdisciplinar sobre a Seguran\u00e7a P\u00fablica contribui para a\u00e7\u00f5es eficazes no campo da preven\u00e7\u00e3o e interven\u00e7\u00e3o da viol\u00eancia.<\/p>\n","protected":false},"excerpt":{"rendered":"<p>Danilo Roberto Pereira Santiago, Erika Da Silva Ferr\u00e3o Publisher\u00a0CRV Overview: O livro \u201cTemas interdisciplinares em Seguran\u00e7a P\u00fablica\u201d faz parte de um dos projetos do Mestrado em Seguran\u00e7a P\u00fablica da UVV &#8211; Universidade Vila Velha. A obra interdisciplinar sobre a Seguran\u00e7a P\u00fablica contribui para a\u00e7\u00f5es eficazes no campo da preven\u00e7\u00e3o e interven\u00e7\u00e3o da viol\u00eancia.<\/p>\n","protected":false},"author":3,"featured_media":13312,"comment_status":"open","ping_status":"closed","sticky":false,"template":"","format":"standard","meta":{"footnotes":""},"categories":[6,25],"tags":[],"class_list":["post-13311","post","type-post","status-publish","format-standard","has-post-thumbnail","hentry","category-livros","category-seguranca-publica-e-defesa"],"views":678,"_links":{"self":[{"href":"https:\/\/www.bibliotecadeseguranca.com.br\/en\/wp-json\/wp\/v2\/posts\/13311","targetHints":{"allow":["GET"]}}],"collection":[{"href":"https:\/\/www.bibliotecadeseguranca.com.br\/en\/wp-json\/wp\/v2\/posts"}],"about":[{"href":"https:\/\/www.bibliotecadeseguranca.com.br\/en\/wp-json\/wp\/v2\/types\/post"}],"author":[{"embeddable":true,"href":"https:\/\/www.bibliotecadeseguranca.com.br\/en\/wp-json\/wp\/v2\/users\/3"}],"replies":[{"embeddable":true,"href":"https:\/\/www.bibliotecadeseguranca.com.br\/en\/wp-json\/wp\/v2\/comments?post=13311"}],"version-history":[{"count":1,"href":"https:\/\/www.bibliotecadeseguranca.com.br\/en\/wp-json\/wp\/v2\/posts\/13311\/revisions"}],"predecessor-version":[{"id":13313,"href":"https:\/\/www.bibliotecadeseguranca.com.br\/en\/wp-json\/wp\/v2\/posts\/13311\/revisions\/13313"}],"wp:featuredmedia":[{"embeddable":true,"href":"https:\/\/www.bibliotecadeseguranca.com.br\/en\/wp-json\/wp\/v2\/media\/13312"}],"wp:attachment":[{"href":"https:\/\/www.bibliotecadeseguranca.com.br\/en\/wp-json\/wp\/v2\/media?parent=13311"}],"wp:term":[{"taxonomy":"category","embeddable":true,"href":"https:\/\/www.bibliotecadeseguranca.com.br\/en\/wp-json\/wp\/v2\/categories?post=13311"},{"taxonomy":"post_tag","embeddable":true,"href":"https:\/\/www.bibliotecadeseguranca.com.br\/en\/wp-json\/wp\/v2\/tags?post=13311"}],"curies":[{"name":"wp","href":"https:\/\/api.w.org\/{rel}","templated":true}]}}