{"id":13194,"date":"2016-06-16T14:00:56","date_gmt":"2016-06-16T17:00:56","guid":{"rendered":"http:\/\/www.bibliotecadeseguranca.com.br\/en\/?p=13194"},"modified":"2016-06-16T04:58:32","modified_gmt":"2016-06-16T07:58:32","slug":"revista-prevencao-perdas-edicao-08","status":"publish","type":"post","link":"https:\/\/www.bibliotecadeseguranca.com.br\/en\/periodicos-de-seguranca\/revista-prevencao-perdas-edicao-08\/","title":{"rendered":"Revista Preven\u00e7\u00e3o Perdas &#8211; Edi\u00e7\u00e3o 08"},"content":{"rendered":"<p><span style=\"color: #003366;\"><strong><img loading=\"lazy\" decoding=\"async\" class=\"alignleft size-full wp-image-13195\" src=\"http:\/\/www.bibliotecadeseguranca.com.br\/en\/wp-content\/uploads\/2016\/06\/Revista-Preven\u00e7\u00e3o-Perdas-Edi\u00e7\u00e3o-08.jpg\" alt=\"Revista Preven\u00e7\u00e3o Perdas - Edi\u00e7\u00e3o 08\" width=\"145\" height=\"204\" srcset=\"https:\/\/www.bibliotecadeseguranca.com.br\/en\/wp-content\/uploads\/2016\/06\/Revista-Preven\u00e7\u00e3o-Perdas-Edi\u00e7\u00e3o-08.jpg 145w, https:\/\/www.bibliotecadeseguranca.com.br\/en\/wp-content\/uploads\/2016\/06\/Revista-Preven\u00e7\u00e3o-Perdas-Edi\u00e7\u00e3o-08-107x150.jpg 107w\" sizes=\"auto, (max-width: 145px) 100vw, 145px\" \/>Overview:<\/strong><\/span> 04. VAREJO NO MUNDO &#8211; Com 2,89%, \u00edndice de perdas no Brasil tem recorde hist\u00f3rico, aponta Ibevar<\/p>\n<p>06. BOAS PR\u00c1TICAS &#8211; Veja os bons exemplos adotados por varejistas da Europa, Am\u00e9rica e Oceania<\/p>\n<p>07. PEQUENO E M\u00c9DIO VAREJO &#8211; Mitos e verdades: consultores tiram d\u00favidas sobre preven\u00e7\u00e3o de perdas<\/p>\n<p>08. FINAN\u00c7AS &#8211; Investimento em preven\u00e7\u00e3o tem retorno garantido em at\u00e9 dois anos<\/p>\n<p>09. ESPECIAL &#8211; Confira as boas a\u00e7\u00f5es de prote\u00e7\u00e3o para aumentar o lucro de sua empresa<\/p>\n<p>14. CANAL FARMA &#8211; Drogaria Pacheco S\u00e3o Paulo: case de sucesso no varejo farmac\u00eautico<\/p>\n<p>15. SUPERMERCADOS &#8211; Frente de caixa exige aten\u00e7\u00e3o redobrada do varejista<\/p>\n<p>16. TECNOLOGIA &#8211; Al\u00e9m de vigil\u00e2ncia, monitoramento \u00e9 ferramenta para gest\u00e3o de empresa<\/p>\n<p>14. VAREJO DE CONSTRU\u00c7\u00c3O &#8211; Rede Leroy Merlin \u00e9 exemplo a ser seguido em preven\u00e7\u00e3o de perdas<\/p>\n<p>15. GEST\u00c3O DE NUMER\u00c1RIO &#8211; Gunnebo disponibiliza diferentes modelos de cofre para todas as empresas<\/p>\n<p>16. ASSIST\u00caNCIA &#8211; Novo sistema de gest\u00e3o garante atendimento t\u00e9cnico mais \u00e1gil e eficiente aos clientes<\/p>\n<p><a href=\"http:\/\/www.bibliotecadeseguranca.com.br\/wp-content\/uploads\/2016\/06\/Gunnebo_Revista-Prevencao_Perdas_edicao-08.pdf\" target=\"_blank\"><img loading=\"lazy\" decoding=\"async\" class=\"alignleft wp-image-11251 size-full\" src=\"http:\/\/www.bibliotecadeseguranca.com.br\/en\/wp-content\/uploads\/2014\/08\/download.gif\" alt=\"Download\" width=\"89\" height=\"25\" \/><\/a><\/p>\n","protected":false},"excerpt":{"rendered":"<p>Overview: 04. VAREJO NO MUNDO &#8211; Com 2,89%, \u00edndice de perdas no Brasil tem recorde hist\u00f3rico, aponta Ibevar 06. BOAS PR\u00c1TICAS &#8211; Veja os bons exemplos adotados por varejistas da Europa, Am\u00e9rica e Oceania 07. PEQUENO E M\u00c9DIO VAREJO &#8211; Mitos e verdades: consultores tiram d\u00favidas sobre preven\u00e7\u00e3o de perdas 08. FINAN\u00c7AS &#8211; Investimento em preven\u00e7\u00e3o tem retorno garantido em at\u00e9 dois anos 09. ESPECIAL &#8211; Confira as boas a\u00e7\u00f5es&hellip; <\/p>\n","protected":false},"author":3,"featured_media":13195,"comment_status":"open","ping_status":"closed","sticky":false,"template":"","format":"standard","meta":{"footnotes":""},"categories":[112,120,71],"tags":[],"class_list":["post-13194","post","type-post","status-publish","format-standard","has-post-thumbnail","hentry","category-download","category-revista-prevencao-perdas","category-periodicos-de-seguranca"],"views":694,"_links":{"self":[{"href":"https:\/\/www.bibliotecadeseguranca.com.br\/en\/wp-json\/wp\/v2\/posts\/13194","targetHints":{"allow":["GET"]}}],"collection":[{"href":"https:\/\/www.bibliotecadeseguranca.com.br\/en\/wp-json\/wp\/v2\/posts"}],"about":[{"href":"https:\/\/www.bibliotecadeseguranca.com.br\/en\/wp-json\/wp\/v2\/types\/post"}],"author":[{"embeddable":true,"href":"https:\/\/www.bibliotecadeseguranca.com.br\/en\/wp-json\/wp\/v2\/users\/3"}],"replies":[{"embeddable":true,"href":"https:\/\/www.bibliotecadeseguranca.com.br\/en\/wp-json\/wp\/v2\/comments?post=13194"}],"version-history":[{"count":1,"href":"https:\/\/www.bibliotecadeseguranca.com.br\/en\/wp-json\/wp\/v2\/posts\/13194\/revisions"}],"predecessor-version":[{"id":13196,"href":"https:\/\/www.bibliotecadeseguranca.com.br\/en\/wp-json\/wp\/v2\/posts\/13194\/revisions\/13196"}],"wp:featuredmedia":[{"embeddable":true,"href":"https:\/\/www.bibliotecadeseguranca.com.br\/en\/wp-json\/wp\/v2\/media\/13195"}],"wp:attachment":[{"href":"https:\/\/www.bibliotecadeseguranca.com.br\/en\/wp-json\/wp\/v2\/media?parent=13194"}],"wp:term":[{"taxonomy":"category","embeddable":true,"href":"https:\/\/www.bibliotecadeseguranca.com.br\/en\/wp-json\/wp\/v2\/categories?post=13194"},{"taxonomy":"post_tag","embeddable":true,"href":"https:\/\/www.bibliotecadeseguranca.com.br\/en\/wp-json\/wp\/v2\/tags?post=13194"}],"curies":[{"name":"wp","href":"https:\/\/api.w.org\/{rel}","templated":true}]}}