{"id":12936,"date":"2016-03-03T14:00:54","date_gmt":"2016-03-03T17:00:54","guid":{"rendered":"http:\/\/www.bibliotecadeseguranca.com.br\/en\/?p=12936"},"modified":"2016-03-03T11:20:25","modified_gmt":"2016-03-03T14:20:25","slug":"crimen-y-criminales-2-claves-para-entender-el-mundo-del-crimen","status":"publish","type":"post","link":"https:\/\/www.bibliotecadeseguranca.com.br\/en\/livros\/crimen-y-criminales-2-claves-para-entender-el-mundo-del-crimen\/","title":{"rendered":"Crimen y Criminales 2: Claves para Entender el Mundo del Crimen"},"content":{"rendered":"<p><span style=\"color: #003366;\"><strong><img loading=\"lazy\" decoding=\"async\" class=\"alignleft size-full wp-image-12937\" src=\"http:\/\/www.bibliotecadeseguranca.com.br\/en\/wp-content\/uploads\/2016\/03\/Crimen-y-Criminales-2-Claves-para-Entender-el-Mundo-del-Crimen.jpg\" alt=\"Crimen y Criminales 2: Claves para Entender el Mundo del Crimen\" width=\"145\" height=\"201\" srcset=\"https:\/\/www.bibliotecadeseguranca.com.br\/en\/wp-content\/uploads\/2016\/03\/Crimen-y-Criminales-2-Claves-para-Entender-el-Mundo-del-Crimen.jpg 145w, https:\/\/www.bibliotecadeseguranca.com.br\/en\/wp-content\/uploads\/2016\/03\/Crimen-y-Criminales-2-Claves-para-Entender-el-Mundo-del-Crimen-108x150.jpg 108w\" sizes=\"auto, (max-width: 145px) 100vw, 145px\" \/>Francisco P\u00e9rez Abell\u00e1n<\/strong><\/span><\/p>\n<p><span style=\"color: #003366;\"><strong>Publisher\u00a0Nowtilus<\/strong><\/span><\/p>\n<p><span style=\"color: #003366;\"><strong>Overview:<\/strong><\/span> Segunda parte de la m\u00e1s completa revisi\u00f3n del mundo del crimen: el mundo internacional del crimen con toda su crudeza, totalmente descarnada y escalofriante. Los delitos m\u00e1s sorprendentes y los sucesos m\u00e1s terror\u00edficos de la historia criminal. Atr\u00e9vete a penetrar en el universo m\u00e1s vil y despiadado jam\u00e1s visto.<\/p>\n","protected":false},"excerpt":{"rendered":"<p>Francisco P\u00e9rez Abell\u00e1n Publisher\u00a0Nowtilus Overview: Segunda parte de la m\u00e1s completa revisi\u00f3n del mundo del crimen: el mundo internacional del crimen con toda su crudeza, totalmente descarnada y escalofriante. Los delitos m\u00e1s sorprendentes y los sucesos m\u00e1s terror\u00edficos de la historia criminal. Atr\u00e9vete a penetrar en el universo m\u00e1s vil y despiadado jam\u00e1s visto.<\/p>\n","protected":false},"author":3,"featured_media":12937,"comment_status":"open","ping_status":"closed","sticky":false,"template":"","format":"standard","meta":{"footnotes":""},"categories":[6,10,81],"tags":[],"class_list":["post-12936","post","type-post","status-publish","format-standard","has-post-thumbnail","hentry","category-livros","category-crime-violencia-e-criminologia","category-espanol"],"views":313,"_links":{"self":[{"href":"https:\/\/www.bibliotecadeseguranca.com.br\/en\/wp-json\/wp\/v2\/posts\/12936","targetHints":{"allow":["GET"]}}],"collection":[{"href":"https:\/\/www.bibliotecadeseguranca.com.br\/en\/wp-json\/wp\/v2\/posts"}],"about":[{"href":"https:\/\/www.bibliotecadeseguranca.com.br\/en\/wp-json\/wp\/v2\/types\/post"}],"author":[{"embeddable":true,"href":"https:\/\/www.bibliotecadeseguranca.com.br\/en\/wp-json\/wp\/v2\/users\/3"}],"replies":[{"embeddable":true,"href":"https:\/\/www.bibliotecadeseguranca.com.br\/en\/wp-json\/wp\/v2\/comments?post=12936"}],"version-history":[{"count":1,"href":"https:\/\/www.bibliotecadeseguranca.com.br\/en\/wp-json\/wp\/v2\/posts\/12936\/revisions"}],"predecessor-version":[{"id":12938,"href":"https:\/\/www.bibliotecadeseguranca.com.br\/en\/wp-json\/wp\/v2\/posts\/12936\/revisions\/12938"}],"wp:featuredmedia":[{"embeddable":true,"href":"https:\/\/www.bibliotecadeseguranca.com.br\/en\/wp-json\/wp\/v2\/media\/12937"}],"wp:attachment":[{"href":"https:\/\/www.bibliotecadeseguranca.com.br\/en\/wp-json\/wp\/v2\/media?parent=12936"}],"wp:term":[{"taxonomy":"category","embeddable":true,"href":"https:\/\/www.bibliotecadeseguranca.com.br\/en\/wp-json\/wp\/v2\/categories?post=12936"},{"taxonomy":"post_tag","embeddable":true,"href":"https:\/\/www.bibliotecadeseguranca.com.br\/en\/wp-json\/wp\/v2\/tags?post=12936"}],"curies":[{"name":"wp","href":"https:\/\/api.w.org\/{rel}","templated":true}]}}