{"id":12914,"date":"2016-02-22T14:00:34","date_gmt":"2016-02-22T17:00:34","guid":{"rendered":"http:\/\/www.bibliotecadeseguranca.com.br\/en\/?p=12914"},"modified":"2016-02-22T13:10:58","modified_gmt":"2016-02-22T16:10:58","slug":"revista-sesvesp-ano-xix-no-126-janfev-2016","status":"publish","type":"post","link":"https:\/\/www.bibliotecadeseguranca.com.br\/en\/periodicos-de-seguranca\/revista-sesvesp-ano-xix-no-126-janfev-2016\/","title":{"rendered":"Revista Sesvesp Ano XIX, N\u00ba 126 &#8211; Jan\/Fev 2016"},"content":{"rendered":"<p><span style=\"color: #003366;\"><strong><img loading=\"lazy\" decoding=\"async\" class=\"alignleft size-full wp-image-12915\" src=\"http:\/\/www.bibliotecadeseguranca.com.br\/en\/wp-content\/uploads\/2016\/02\/Revista-Sesvesp-Ano-XIX-N-126-Jan-Fev-2016.jpg\" alt=\"Revista Sesvesp Ano XIX, N\u00ba 126 - Jan\/Fev 2016\" width=\"145\" height=\"194\" srcset=\"https:\/\/www.bibliotecadeseguranca.com.br\/en\/wp-content\/uploads\/2016\/02\/Revista-Sesvesp-Ano-XIX-N-126-Jan-Fev-2016.jpg 145w, https:\/\/www.bibliotecadeseguranca.com.br\/en\/wp-content\/uploads\/2016\/02\/Revista-Sesvesp-Ano-XIX-N-126-Jan-Fev-2016-112x150.jpg 112w\" sizes=\"auto, (max-width: 145px) 100vw, 145px\" \/>06 &#8211; COLUNA JUR\u00cdDICA<\/strong><\/span><br \/>\nConven\u00e7\u00e3o Coletiva de Trabalho 2016: Felipe Villarinho detalha o impacto do acordo para a categoria<\/p>\n<p><span style=\"color: #003366;\"><strong>08 &#8211; ENTREVISTA<\/strong><\/span><br \/>\nDeputado federal La\u00e9rcio Oliveira: \u201cAcredito que 2016 ser\u00e1 de conquistas no Parlamento brasileiro\u201d<\/p>\n<p><span style=\"color: #003366;\"><strong>10 &#8211; CAPA<\/strong><\/span><br \/>\nParceiras do SESVESP capacitam portadores de defici\u00eancia para o esporte e o mercado de trabalho<\/p>\n<p><span style=\"color: #003366;\"><strong>13 &#8211; EM FOCO<\/strong><\/span><br \/>\nEtapa S\u00e3o Paulo da campanha nacional da PF contra a clandestinidade na seguran\u00e7a privada<\/p>\n<p><span style=\"color: #003366;\"><strong>14 &#8211; EM PAUTA<\/strong><\/span><br \/>\nDiego Viscardi explica as vantagens tribut\u00e1rias e do planejamento sucess\u00f3rio da holding familiar<\/p>\n<p><span style=\"color: #003366;\"><strong>22 &#8211; OPINI\u00c3O<\/strong><\/span><br \/>\nRaul Corr\u00eaa da Silva: criatividade e conhecimento do mercado e do cliente superam recess\u00e3o<\/p>\n<p><a href=\"http:\/\/www.bibliotecadeseguranca.com.br\/wp-content\/uploads\/2016\/02\/Revista-Sesvesp-Ed-126.pdf\" target=\"_blank\"><img loading=\"lazy\" decoding=\"async\" class=\"alignleft wp-image-11251 size-full\" src=\"http:\/\/www.bibliotecadeseguranca.com.br\/en\/wp-content\/uploads\/2014\/08\/download.gif\" alt=\"Download\" width=\"89\" height=\"25\" \/><\/a><\/p>\n","protected":false},"excerpt":{"rendered":"<p>06 &#8211; COLUNA JUR\u00cdDICA Conven\u00e7\u00e3o Coletiva de Trabalho 2016: Felipe Villarinho detalha o impacto do acordo para a categoria 08 &#8211; ENTREVISTA Deputado federal La\u00e9rcio Oliveira: \u201cAcredito que 2016 ser\u00e1 de conquistas no Parlamento brasileiro\u201d 10 &#8211; CAPA Parceiras do SESVESP capacitam portadores de defici\u00eancia para o esporte e o mercado de trabalho 13 &#8211; EM FOCO Etapa S\u00e3o Paulo da campanha nacional da PF contra a clandestinidade na seguran\u00e7a&hellip; <\/p>\n","protected":false},"author":3,"featured_media":12915,"comment_status":"open","ping_status":"closed","sticky":false,"template":"","format":"standard","meta":{"footnotes":""},"categories":[112,103,71],"tags":[],"class_list":["post-12914","post","type-post","status-publish","format-standard","has-post-thumbnail","hentry","category-download","category-revista-sesvesp","category-periodicos-de-seguranca"],"views":577,"_links":{"self":[{"href":"https:\/\/www.bibliotecadeseguranca.com.br\/en\/wp-json\/wp\/v2\/posts\/12914","targetHints":{"allow":["GET"]}}],"collection":[{"href":"https:\/\/www.bibliotecadeseguranca.com.br\/en\/wp-json\/wp\/v2\/posts"}],"about":[{"href":"https:\/\/www.bibliotecadeseguranca.com.br\/en\/wp-json\/wp\/v2\/types\/post"}],"author":[{"embeddable":true,"href":"https:\/\/www.bibliotecadeseguranca.com.br\/en\/wp-json\/wp\/v2\/users\/3"}],"replies":[{"embeddable":true,"href":"https:\/\/www.bibliotecadeseguranca.com.br\/en\/wp-json\/wp\/v2\/comments?post=12914"}],"version-history":[{"count":1,"href":"https:\/\/www.bibliotecadeseguranca.com.br\/en\/wp-json\/wp\/v2\/posts\/12914\/revisions"}],"predecessor-version":[{"id":12916,"href":"https:\/\/www.bibliotecadeseguranca.com.br\/en\/wp-json\/wp\/v2\/posts\/12914\/revisions\/12916"}],"wp:featuredmedia":[{"embeddable":true,"href":"https:\/\/www.bibliotecadeseguranca.com.br\/en\/wp-json\/wp\/v2\/media\/12915"}],"wp:attachment":[{"href":"https:\/\/www.bibliotecadeseguranca.com.br\/en\/wp-json\/wp\/v2\/media?parent=12914"}],"wp:term":[{"taxonomy":"category","embeddable":true,"href":"https:\/\/www.bibliotecadeseguranca.com.br\/en\/wp-json\/wp\/v2\/categories?post=12914"},{"taxonomy":"post_tag","embeddable":true,"href":"https:\/\/www.bibliotecadeseguranca.com.br\/en\/wp-json\/wp\/v2\/tags?post=12914"}],"curies":[{"name":"wp","href":"https:\/\/api.w.org\/{rel}","templated":true}]}}