{"id":12665,"date":"2015-11-03T13:00:52","date_gmt":"2015-11-03T16:00:52","guid":{"rendered":"http:\/\/www.bibliotecadeseguranca.com.br\/en\/?p=12665"},"modified":"2015-11-03T12:41:52","modified_gmt":"2015-11-03T15:41:52","slug":"revista-seguranca-inteligente-ano-3-edicao-11","status":"publish","type":"post","link":"https:\/\/www.bibliotecadeseguranca.com.br\/en\/periodicos-de-seguranca\/revista-seguranca-inteligente-ano-3-edicao-11\/","title":{"rendered":"Revista Seguran\u00e7a Inteligente \u2013 Ano 3 \u2013 Edi\u00e7\u00e3o 11"},"content":{"rendered":"<p><span style=\"color: #003366;\"><strong><img loading=\"lazy\" decoding=\"async\" class=\"alignleft size-full wp-image-12666\" src=\"http:\/\/www.bibliotecadeseguranca.com.br\/en\/wp-content\/uploads\/2015\/11\/Revista-Seguran\u00e7a-Inteligente-Ano-3-N-11.jpg\" alt=\"Revista Seguran\u00e7a Inteligente \u2013 Ano 3 \u2013 Edi\u00e7\u00e3o 11\" width=\"145\" height=\"194\" srcset=\"https:\/\/www.bibliotecadeseguranca.com.br\/en\/wp-content\/uploads\/2015\/11\/Revista-Seguran\u00e7a-Inteligente-Ano-3-N-11.jpg 145w, https:\/\/www.bibliotecadeseguranca.com.br\/en\/wp-content\/uploads\/2015\/11\/Revista-Seguran\u00e7a-Inteligente-Ano-3-N-11-112x150.jpg 112w\" sizes=\"auto, (max-width: 145px) 100vw, 145px\" \/>10 Livros<\/strong><\/span> &#8211; lan\u00e7ada biblioteca virtual com mais de 500 livros sobre seguran\u00e7a privada<\/p>\n<p><span style=\"color: #003366;\"><strong>12 Eventos<\/strong><\/span> &#8211; Rio de Janeiro realiza em outubro a RioSec, a primeira grande exposi\u00e7\u00e3o das empresas de sistemas eletr\u00f4nicos de seguran\u00e7a em solo carioca, a exemplo do que ocorre em S\u00e3o Paulo, com a Exposec<\/p>\n<p><span style=\"color: #003366;\"><strong>14 Entrevista<\/strong><\/span> &#8211; Presidente da Gristec, Cyro Buonavoglia, fala sobre a import\u00e2ncia do uso combinado de tecnologia e intelig\u00eancia para combater roubos e furtos de carga nas rodovias brasileiras<\/p>\n<p><span style=\"color: #003366;\"><strong>18 Artigo<\/strong><\/span> &#8211; M\u00e1rio Rui Tavares: \u201cComo estruturar um Programa de Manuten\u00e7\u00e3o e Reparos (PMR) que torne os sistemas eletr\u00f4nicos de seguran\u00e7a mais resistentes a interrup\u00e7\u00f5es\u201d<\/p>\n<p><span style=\"color: #003366;\"><strong>22 Capa<\/strong><\/span> &#8211; Abese inicia um amplo trabalho para que as empresas de sistemas eletr\u00f4nicos de seguran\u00e7a participem ativamente da defini\u00e7\u00e3o de normas t\u00e9cnicas que garantam um padr\u00e3o internacional de qualidade aos produtos e servi\u00e7os do setor<\/p>\n<p><span style=\"color: #003366;\"><strong>30 Certifica\u00e7\u00e3o<\/strong><\/span> &#8211; Selo de Qualidade Abese \u00e9 reformulado e oferta de benef\u00edcios \u00e9 ampliada<\/p>\n<p><span style=\"color: #003366;\"><strong>32 Artigo<\/strong><\/span> &#8211; Gustavo Forchito: \u201cAlta Resolu\u00e7\u00e3o Popular\u201d<\/p>\n<p><a href=\"http:\/\/www.bibliotecadeseguranca.com.br\/wp-content\/uploads\/2015\/11\/Revista-Seguranca-Inteligente-Ano-3-n-11.pdf\" target=\"_blank\"><img loading=\"lazy\" decoding=\"async\" class=\"alignleft wp-image-11251 size-full\" src=\"http:\/\/www.bibliotecadeseguranca.com.br\/en\/wp-content\/uploads\/2014\/08\/download.gif\" alt=\"Download\" width=\"89\" height=\"25\" \/><\/a><\/p>\n","protected":false},"excerpt":{"rendered":"<p>10 Livros &#8211; lan\u00e7ada biblioteca virtual com mais de 500 livros sobre seguran\u00e7a privada 12 Eventos &#8211; Rio de Janeiro realiza em outubro a RioSec, a primeira grande exposi\u00e7\u00e3o das empresas de sistemas eletr\u00f4nicos de seguran\u00e7a em solo carioca, a exemplo do que ocorre em S\u00e3o Paulo, com a Exposec 14 Entrevista &#8211; Presidente da Gristec, Cyro Buonavoglia, fala sobre a import\u00e2ncia do uso combinado de tecnologia e intelig\u00eancia para&hellip; <\/p>\n","protected":false},"author":3,"featured_media":12666,"comment_status":"open","ping_status":"closed","sticky":false,"template":"","format":"standard","meta":{"footnotes":""},"categories":[104,71],"tags":[],"class_list":["post-12665","post","type-post","status-publish","format-standard","has-post-thumbnail","hentry","category-revista-seguranca-inteligente","category-periodicos-de-seguranca"],"views":529,"_links":{"self":[{"href":"https:\/\/www.bibliotecadeseguranca.com.br\/en\/wp-json\/wp\/v2\/posts\/12665","targetHints":{"allow":["GET"]}}],"collection":[{"href":"https:\/\/www.bibliotecadeseguranca.com.br\/en\/wp-json\/wp\/v2\/posts"}],"about":[{"href":"https:\/\/www.bibliotecadeseguranca.com.br\/en\/wp-json\/wp\/v2\/types\/post"}],"author":[{"embeddable":true,"href":"https:\/\/www.bibliotecadeseguranca.com.br\/en\/wp-json\/wp\/v2\/users\/3"}],"replies":[{"embeddable":true,"href":"https:\/\/www.bibliotecadeseguranca.com.br\/en\/wp-json\/wp\/v2\/comments?post=12665"}],"version-history":[{"count":1,"href":"https:\/\/www.bibliotecadeseguranca.com.br\/en\/wp-json\/wp\/v2\/posts\/12665\/revisions"}],"predecessor-version":[{"id":12667,"href":"https:\/\/www.bibliotecadeseguranca.com.br\/en\/wp-json\/wp\/v2\/posts\/12665\/revisions\/12667"}],"wp:featuredmedia":[{"embeddable":true,"href":"https:\/\/www.bibliotecadeseguranca.com.br\/en\/wp-json\/wp\/v2\/media\/12666"}],"wp:attachment":[{"href":"https:\/\/www.bibliotecadeseguranca.com.br\/en\/wp-json\/wp\/v2\/media?parent=12665"}],"wp:term":[{"taxonomy":"category","embeddable":true,"href":"https:\/\/www.bibliotecadeseguranca.com.br\/en\/wp-json\/wp\/v2\/categories?post=12665"},{"taxonomy":"post_tag","embeddable":true,"href":"https:\/\/www.bibliotecadeseguranca.com.br\/en\/wp-json\/wp\/v2\/tags?post=12665"}],"curies":[{"name":"wp","href":"https:\/\/api.w.org\/{rel}","templated":true}]}}