{"id":12624,"date":"2015-10-16T14:00:08","date_gmt":"2015-10-16T17:00:08","guid":{"rendered":"http:\/\/www.bibliotecadeseguranca.com.br\/en\/?p=12624"},"modified":"2015-10-16T13:20:37","modified_gmt":"2015-10-16T16:20:37","slug":"na-linha-de-frente","status":"publish","type":"post","link":"https:\/\/www.bibliotecadeseguranca.com.br\/en\/livros\/na-linha-de-frente\/","title":{"rendered":"Na Linha de Frente"},"content":{"rendered":"<p><span style=\"color: #003366;\"><strong><img loading=\"lazy\" decoding=\"async\" class=\"alignleft size-full wp-image-12625\" src=\"http:\/\/www.bibliotecadeseguranca.com.br\/en\/wp-content\/uploads\/2015\/10\/Na-Linha-de-Frente.jpg\" alt=\"Na Linha de Frente\" width=\"145\" height=\"217\" srcset=\"https:\/\/www.bibliotecadeseguranca.com.br\/en\/wp-content\/uploads\/2015\/10\/Na-Linha-de-Frente.jpg 145w, https:\/\/www.bibliotecadeseguranca.com.br\/en\/wp-content\/uploads\/2015\/10\/Na-Linha-de-Frente-100x150.jpg 100w\" sizes=\"auto, (max-width: 145px) 100vw, 145px\" \/>Jos\u00e9 Ot\u00e1vio Germano<\/strong><\/span><\/p>\n<p><span style=\"color: #003366;\"><strong>Publisher\u00a0Age<\/strong><\/span><\/p>\n<p><span style=\"color: #003366;\"><strong>Overview:<\/strong><\/span> Reunindo um conjunto de diversos artigos e entrevistas divulgados na imprensa durante os mais de tr\u00eas anos em que o advogado Jos\u00e9 Ot\u00e1vio Germano esteve \u00e0 frente da Secretaria de Justi\u00e7a e Seguran\u00e7a do Rio Grande do Sul, Na Linha de Frente, \u00e9 antes de tudo um documento que registra opini\u00f5es e experi\u00eancias pertinentes a todos os que se interessam pelo tema.<\/p>\n","protected":false},"excerpt":{"rendered":"<p>Jos\u00e9 Ot\u00e1vio Germano Publisher\u00a0Age Overview: Reunindo um conjunto de diversos artigos e entrevistas divulgados na imprensa durante os mais de tr\u00eas anos em que o advogado Jos\u00e9 Ot\u00e1vio Germano esteve \u00e0 frente da Secretaria de Justi\u00e7a e Seguran\u00e7a do Rio Grande do Sul, Na Linha de Frente, \u00e9 antes de tudo um documento que registra opini\u00f5es e experi\u00eancias pertinentes a todos os que se interessam pelo tema.<\/p>\n","protected":false},"author":3,"featured_media":12625,"comment_status":"open","ping_status":"closed","sticky":false,"template":"","format":"standard","meta":{"footnotes":""},"categories":[6,25],"tags":[],"class_list":["post-12624","post","type-post","status-publish","format-standard","has-post-thumbnail","hentry","category-livros","category-seguranca-publica-e-defesa"],"views":268,"_links":{"self":[{"href":"https:\/\/www.bibliotecadeseguranca.com.br\/en\/wp-json\/wp\/v2\/posts\/12624","targetHints":{"allow":["GET"]}}],"collection":[{"href":"https:\/\/www.bibliotecadeseguranca.com.br\/en\/wp-json\/wp\/v2\/posts"}],"about":[{"href":"https:\/\/www.bibliotecadeseguranca.com.br\/en\/wp-json\/wp\/v2\/types\/post"}],"author":[{"embeddable":true,"href":"https:\/\/www.bibliotecadeseguranca.com.br\/en\/wp-json\/wp\/v2\/users\/3"}],"replies":[{"embeddable":true,"href":"https:\/\/www.bibliotecadeseguranca.com.br\/en\/wp-json\/wp\/v2\/comments?post=12624"}],"version-history":[{"count":1,"href":"https:\/\/www.bibliotecadeseguranca.com.br\/en\/wp-json\/wp\/v2\/posts\/12624\/revisions"}],"predecessor-version":[{"id":12626,"href":"https:\/\/www.bibliotecadeseguranca.com.br\/en\/wp-json\/wp\/v2\/posts\/12624\/revisions\/12626"}],"wp:featuredmedia":[{"embeddable":true,"href":"https:\/\/www.bibliotecadeseguranca.com.br\/en\/wp-json\/wp\/v2\/media\/12625"}],"wp:attachment":[{"href":"https:\/\/www.bibliotecadeseguranca.com.br\/en\/wp-json\/wp\/v2\/media?parent=12624"}],"wp:term":[{"taxonomy":"category","embeddable":true,"href":"https:\/\/www.bibliotecadeseguranca.com.br\/en\/wp-json\/wp\/v2\/categories?post=12624"},{"taxonomy":"post_tag","embeddable":true,"href":"https:\/\/www.bibliotecadeseguranca.com.br\/en\/wp-json\/wp\/v2\/tags?post=12624"}],"curies":[{"name":"wp","href":"https:\/\/api.w.org\/{rel}","templated":true}]}}