{"id":12502,"date":"2015-08-31T14:00:15","date_gmt":"2015-08-31T17:00:15","guid":{"rendered":"http:\/\/www.bibliotecadeseguranca.com.br\/en\/?p=12502"},"modified":"2015-09-25T19:15:49","modified_gmt":"2015-09-25T22:15:49","slug":"direito-publico-e-seguranca-publica","status":"publish","type":"post","link":"https:\/\/www.bibliotecadeseguranca.com.br\/en\/livros\/direito-publico-e-seguranca-publica\/","title":{"rendered":"Direito P\u00fablico e Seguran\u00e7a P\u00fablica"},"content":{"rendered":"<p><span style=\"color: #003366;\"><strong><img loading=\"lazy\" decoding=\"async\" class=\"alignleft size-full wp-image-12503\" src=\"http:\/\/www.bibliotecadeseguranca.com.br\/en\/wp-content\/uploads\/2015\/08\/direito-publico-e-seguranca-publica.jpg\" alt=\"Direito P\u00fablico e Seguranca P\u00fablica\" width=\"145\" height=\"216\" srcset=\"https:\/\/www.bibliotecadeseguranca.com.br\/en\/wp-content\/uploads\/2015\/08\/direito-publico-e-seguranca-publica.jpg 145w, https:\/\/www.bibliotecadeseguranca.com.br\/en\/wp-content\/uploads\/2015\/08\/direito-publico-e-seguranca-publica-101x150.jpg 101w\" sizes=\"auto, (max-width: 145px) 100vw, 145px\" \/>Raphael Sofiati<\/strong><\/span><\/p>\n<p><span style=\"color: #003366;\"><strong>Publisher\u00a0Lumen Juris<\/strong><\/span><\/p>\n<p><span style=\"color: #003366;\"><strong>Overview:<\/strong><\/span> Esta obra compreende estudos e pareceres da lavra do autor sobre assuntos relacionados a temas atuais de direito p\u00fablico e, especialmente, \u00e0 seguran\u00e7a p\u00fablica. Seu enfoque \u00e9, a um s\u00f3 tempo, te\u00f3rico e pr\u00e1tico, fundado tanto nos conhecimentos do autor quanto na sua experi\u00eancia profissional como advogado de \u00f3rg\u00e3o envolvido diretamente com a seguran\u00e7a p\u00fablica municipal.<\/p>\n","protected":false},"excerpt":{"rendered":"<p>Raphael Sofiati Publisher\u00a0Lumen Juris Overview: Esta obra compreende estudos e pareceres da lavra do autor sobre assuntos relacionados a temas atuais de direito p\u00fablico e, especialmente, \u00e0 seguran\u00e7a p\u00fablica. Seu enfoque \u00e9, a um s\u00f3 tempo, te\u00f3rico e pr\u00e1tico, fundado tanto nos conhecimentos do autor quanto na sua experi\u00eancia profissional como advogado de \u00f3rg\u00e3o envolvido diretamente com a seguran\u00e7a p\u00fablica municipal.<\/p>\n","protected":false},"author":3,"featured_media":12503,"comment_status":"open","ping_status":"closed","sticky":false,"template":"","format":"standard","meta":{"footnotes":""},"categories":[6,25],"tags":[],"class_list":["post-12502","post","type-post","status-publish","format-standard","has-post-thumbnail","hentry","category-livros","category-seguranca-publica-e-defesa"],"views":334,"_links":{"self":[{"href":"https:\/\/www.bibliotecadeseguranca.com.br\/en\/wp-json\/wp\/v2\/posts\/12502","targetHints":{"allow":["GET"]}}],"collection":[{"href":"https:\/\/www.bibliotecadeseguranca.com.br\/en\/wp-json\/wp\/v2\/posts"}],"about":[{"href":"https:\/\/www.bibliotecadeseguranca.com.br\/en\/wp-json\/wp\/v2\/types\/post"}],"author":[{"embeddable":true,"href":"https:\/\/www.bibliotecadeseguranca.com.br\/en\/wp-json\/wp\/v2\/users\/3"}],"replies":[{"embeddable":true,"href":"https:\/\/www.bibliotecadeseguranca.com.br\/en\/wp-json\/wp\/v2\/comments?post=12502"}],"version-history":[{"count":2,"href":"https:\/\/www.bibliotecadeseguranca.com.br\/en\/wp-json\/wp\/v2\/posts\/12502\/revisions"}],"predecessor-version":[{"id":12578,"href":"https:\/\/www.bibliotecadeseguranca.com.br\/en\/wp-json\/wp\/v2\/posts\/12502\/revisions\/12578"}],"wp:featuredmedia":[{"embeddable":true,"href":"https:\/\/www.bibliotecadeseguranca.com.br\/en\/wp-json\/wp\/v2\/media\/12503"}],"wp:attachment":[{"href":"https:\/\/www.bibliotecadeseguranca.com.br\/en\/wp-json\/wp\/v2\/media?parent=12502"}],"wp:term":[{"taxonomy":"category","embeddable":true,"href":"https:\/\/www.bibliotecadeseguranca.com.br\/en\/wp-json\/wp\/v2\/categories?post=12502"},{"taxonomy":"post_tag","embeddable":true,"href":"https:\/\/www.bibliotecadeseguranca.com.br\/en\/wp-json\/wp\/v2\/tags?post=12502"}],"curies":[{"name":"wp","href":"https:\/\/api.w.org\/{rel}","templated":true}]}}