{"id":12414,"date":"2015-07-24T14:00:56","date_gmt":"2015-07-24T17:00:56","guid":{"rendered":"http:\/\/www.bibliotecadeseguranca.com.br\/en\/?p=12414"},"modified":"2015-07-24T09:10:03","modified_gmt":"2015-07-24T12:10:03","slug":"luz-e-sombra-no-sistema-prisional","status":"publish","type":"post","link":"https:\/\/www.bibliotecadeseguranca.com.br\/en\/livros\/luz-e-sombra-no-sistema-prisional\/","title":{"rendered":"Luz e Sombra no Sistema Prisional"},"content":{"rendered":"<p><span style=\"color: #003366;\"><strong><img loading=\"lazy\" decoding=\"async\" class=\"alignleft size-full wp-image-12415\" src=\"http:\/\/www.bibliotecadeseguranca.com.br\/en\/wp-content\/uploads\/2015\/07\/luz-e-sombra-no-sistema-prisional.jpg\" alt=\"Luz e Sombra no Sistema Prisional\" width=\"145\" height=\"212\" srcset=\"https:\/\/www.bibliotecadeseguranca.com.br\/en\/wp-content\/uploads\/2015\/07\/luz-e-sombra-no-sistema-prisional.jpg 145w, https:\/\/www.bibliotecadeseguranca.com.br\/en\/wp-content\/uploads\/2015\/07\/luz-e-sombra-no-sistema-prisional-103x150.jpg 103w\" sizes=\"auto, (max-width: 145px) 100vw, 145px\" \/>Vivian Calderoni<\/strong><\/span><\/p>\n<p><span style=\"color: #003366;\"><strong>Publisher\u00a0LumenJuris<\/strong><\/span><\/p>\n<p><span style=\"color: #003366;\"><strong>Overview:<\/strong><\/span> As quest\u00f5es ligadas ao universo prisional acham-se envoltas em uma n\u00e9voa de abandono e medo. A a\u00e7\u00e3o das fac\u00e7\u00f5es criminosas \u00e9 elemento central nesse denso jogo do poder. \u00c9 nesse cen\u00e1rio que atua o agente penitenci\u00e1rio, elo entre o Estado e o preso. O Poder Judici\u00e1rio tem papel protagonista neste enredo, como inspetor das pris\u00f5es e senhor das decis\u00f5es sobre encarceramento e liberta\u00e7\u00e3o. O livro focaliza essas quest\u00f5es, em uma perspectiva criminosa, tendo como fio condutor o olhar do judici\u00e1rio. Essa in\u00e9dita perspectiva coloca em di\u00e1logo dois importantes atores do contexto carcer\u00e1rio: poder judici\u00e1rio e agentes penitenci\u00e1rios, desvelando din\u00e2micas e percep\u00e7\u00f5es que n\u00e3o tinham sido trazidas alume at\u00e9 ent\u00e3o. Temas como a fun\u00e7\u00e3o dos agentes penitenci\u00e1rios, a influ\u00eancia da fac\u00e7\u00e3o criminosa e os impactos psicossociais do trabalho deles s\u00e3o discutidos \u00e0 luz da bibliografia apresentada no livro e da realidade emp\u00edrica revelada pela pesquisa empreendida pela autora.<\/p>\n","protected":false},"excerpt":{"rendered":"<p>Vivian Calderoni Publisher\u00a0LumenJuris Overview: As quest\u00f5es ligadas ao universo prisional acham-se envoltas em uma n\u00e9voa de abandono e medo. A a\u00e7\u00e3o das fac\u00e7\u00f5es criminosas \u00e9 elemento central nesse denso jogo do poder. \u00c9 nesse cen\u00e1rio que atua o agente penitenci\u00e1rio, elo entre o Estado e o preso. O Poder Judici\u00e1rio tem papel protagonista neste enredo, como inspetor das pris\u00f5es e senhor das decis\u00f5es sobre encarceramento e liberta\u00e7\u00e3o. O livro focaliza&hellip; <\/p>\n","protected":false},"author":3,"featured_media":12415,"comment_status":"open","ping_status":"closed","sticky":false,"template":"","format":"standard","meta":{"footnotes":""},"categories":[6,25],"tags":[],"class_list":["post-12414","post","type-post","status-publish","format-standard","has-post-thumbnail","hentry","category-livros","category-seguranca-publica-e-defesa"],"views":580,"_links":{"self":[{"href":"https:\/\/www.bibliotecadeseguranca.com.br\/en\/wp-json\/wp\/v2\/posts\/12414","targetHints":{"allow":["GET"]}}],"collection":[{"href":"https:\/\/www.bibliotecadeseguranca.com.br\/en\/wp-json\/wp\/v2\/posts"}],"about":[{"href":"https:\/\/www.bibliotecadeseguranca.com.br\/en\/wp-json\/wp\/v2\/types\/post"}],"author":[{"embeddable":true,"href":"https:\/\/www.bibliotecadeseguranca.com.br\/en\/wp-json\/wp\/v2\/users\/3"}],"replies":[{"embeddable":true,"href":"https:\/\/www.bibliotecadeseguranca.com.br\/en\/wp-json\/wp\/v2\/comments?post=12414"}],"version-history":[{"count":1,"href":"https:\/\/www.bibliotecadeseguranca.com.br\/en\/wp-json\/wp\/v2\/posts\/12414\/revisions"}],"predecessor-version":[{"id":12416,"href":"https:\/\/www.bibliotecadeseguranca.com.br\/en\/wp-json\/wp\/v2\/posts\/12414\/revisions\/12416"}],"wp:featuredmedia":[{"embeddable":true,"href":"https:\/\/www.bibliotecadeseguranca.com.br\/en\/wp-json\/wp\/v2\/media\/12415"}],"wp:attachment":[{"href":"https:\/\/www.bibliotecadeseguranca.com.br\/en\/wp-json\/wp\/v2\/media?parent=12414"}],"wp:term":[{"taxonomy":"category","embeddable":true,"href":"https:\/\/www.bibliotecadeseguranca.com.br\/en\/wp-json\/wp\/v2\/categories?post=12414"},{"taxonomy":"post_tag","embeddable":true,"href":"https:\/\/www.bibliotecadeseguranca.com.br\/en\/wp-json\/wp\/v2\/tags?post=12414"}],"curies":[{"name":"wp","href":"https:\/\/api.w.org\/{rel}","templated":true}]}}