{"id":12097,"date":"2015-03-05T09:30:03","date_gmt":"2015-03-05T12:30:03","guid":{"rendered":"http:\/\/www.bibliotecadeseguranca.com.br\/en\/?p=12097"},"modified":"2015-03-05T04:05:05","modified_gmt":"2015-03-05T07:05:05","slug":"caos-social","status":"publish","type":"post","link":"https:\/\/www.bibliotecadeseguranca.com.br\/en\/livros\/caos-social\/","title":{"rendered":"Caos Social"},"content":{"rendered":"<p><span style=\"color: #003366;\"><strong><img loading=\"lazy\" decoding=\"async\" class=\"alignleft size-full wp-image-12098\" src=\"http:\/\/www.bibliotecadeseguranca.com.br\/en\/wp-content\/uploads\/2015\/03\/caos-social.jpg\" alt=\"Caos Social\" width=\"145\" height=\"206\" srcset=\"https:\/\/www.bibliotecadeseguranca.com.br\/en\/wp-content\/uploads\/2015\/03\/caos-social.jpg 145w, https:\/\/www.bibliotecadeseguranca.com.br\/en\/wp-content\/uploads\/2015\/03\/caos-social-106x150.jpg 106w\" sizes=\"auto, (max-width: 145px) 100vw, 145px\" \/>Gustavo Caleffi<\/strong><\/span><\/p>\n<p><span style=\"color: #003366;\"><strong>Publisher\u00a0Squadra<\/strong><\/span><\/p>\n<p><span style=\"color: #003366;\"><strong>Overview:<\/strong><\/span> CAOS SOCIAL &#8211; A DURA REALIDADE!<\/p>\n<p>Venho cada vez mais ouvindo coment\u00e1rios que o que estamos vivenciando em nosso pa\u00eds, em termos de viol\u00eancia, deve ser considerado como Guerra Civil. No programa de r\u00e1dio Sala de Reda\u00e7\u00e3o, da R\u00e1dio Ga\u00facha, ouvi comentaristas afirmarem isso. Realmente, \u00e9 esta a impress\u00e3o que se tem.<\/p>\n<p>Por\u00e9m, se formos estudar esse assunto com profundidade, chegaremos \u00e0 conclus\u00e3o de que o Brasil n\u00e3o est\u00e1 em meio a uma Guerra Civil, pois, para isto, seria necess\u00e1rio que tiv\u00e9ssemos dois ou mais grupos organizados e armados, lutando entre si pelo governo do pa\u00eds ou pelo controle de algum territ\u00f3rio.<\/p>\n<p>INFELIZMENTE n\u00e3o \u00e9 essa a nossa realidade. Considerando o crescente \u00edndice de criminalidade, os motivos banais que levam pessoas ou grupos a cometerem crimes e a desestrutura\u00e7\u00e3o cada vez maior dos \u00f3rg\u00e3os de seguran\u00e7a p\u00fablica, ap\u00f3s muito estudo chegamos \u00e0 conclus\u00e3o de que realmente estamos tentando sobreviver no CAOS SOCIAL.<\/p>\n<p>Isso mesmo. Dessas palavras s\u00e3o muitos fortes, e \u00e9 dif\u00edcil aceitarmos essa realidade, mas, quando temos pessoas sendo brutalmente assassinadas a qualquer momento do dia, em qualquer local das cidades, com pouco controle por parte das for\u00e7as de seguran\u00e7a do Estado, com um grau de impunidade alt\u00edssimo, podemos concluir que realmente chegamos ao fundo do po\u00e7o, ou seja, ao CAOS SOCIAL.<\/p>\n<p>Perguntas ao leitor:<\/p>\n<p>1) Que nome se d\u00e1 quando temos pessoas sendo assassinadas por motivos como roubo de carro, roubo de notebooks, roubo de baixos valores monet\u00e1rios, muitas vezes sem a v\u00edtima esbo\u00e7ar qualquer tipo de a\u00e7\u00e3o, muito menos de rea\u00e7\u00e3o, simplesmente sendo alvejadas e se tornando mais um n\u00famero nas estat\u00edsticas das secretarias de Justi\u00e7a e Seguran\u00e7a?<\/p>\n<p>2) Que nome se d\u00e1 quando pessoas s\u00e3o assassinadas por qualquer motivo, e a sociedade aceita esse absurdo calada, sem manifestar nenhuma revolta, sem cobrar absolutamente nada do governo, alegando que n\u00e3o h\u00e1 o que fazer?<\/p>\n<p>3) Que nome se d\u00e1 quando pessoas de bem, como os leitores desta coluna, s\u00e3o obrigadas a se aprisionar dentro de suas casas, atr\u00e1s de grades e sistemas de alarmes, abrirem m\u00e3o de sair \u00e0 hora que bem entenderem de suas resid\u00eancias, pelo risco de serem assaltadas na rua em qualquer local e hor\u00e1rio?<\/p>\n<p>Realmente n\u00e3o me sinto confort\u00e1vel em apresentar este triste diagn\u00f3stico, mas, como estudioso da \u00e1rea de seguran\u00e7a urbana, sinto-me na obriga\u00e7\u00e3o de pelo menos alertar que o problema \u00e9 realmente muito maior do que temos no\u00e7\u00e3o, e que se n\u00f3s, cidad\u00e3os de bem, n\u00e3o iniciarmos uma campanha muito forte de cobran\u00e7a de nossos direitos de seguran\u00e7a aos nossos governantes, e tomarmos cuidados redobrados com rela\u00e7\u00e3o a nossa pr\u00f3pria seguran\u00e7a, a situa\u00e7\u00e3o que j\u00e1 est\u00e1 insustent\u00e1vel se tornar\u00e1 irrevers\u00edvel.<\/p>\n<p>Fa\u00e7a a sua parte, eu acredito ter iniciado a minha!<\/p>\n","protected":false},"excerpt":{"rendered":"<p>Gustavo Caleffi Publisher\u00a0Squadra Overview: CAOS SOCIAL &#8211; A DURA REALIDADE! Venho cada vez mais ouvindo coment\u00e1rios que o que estamos vivenciando em nosso pa\u00eds, em termos de viol\u00eancia, deve ser considerado como Guerra Civil. No programa de r\u00e1dio Sala de Reda\u00e7\u00e3o, da R\u00e1dio Ga\u00facha, ouvi comentaristas afirmarem isso. Realmente, \u00e9 esta a impress\u00e3o que se tem. Por\u00e9m, se formos estudar esse assunto com profundidade, chegaremos \u00e0 conclus\u00e3o de que o&hellip; <\/p>\n","protected":false},"author":3,"featured_media":12098,"comment_status":"open","ping_status":"closed","sticky":false,"template":"","format":"standard","meta":{"footnotes":""},"categories":[6,25],"tags":[],"class_list":["post-12097","post","type-post","status-publish","format-standard","has-post-thumbnail","hentry","category-livros","category-seguranca-publica-e-defesa"],"views":282,"_links":{"self":[{"href":"https:\/\/www.bibliotecadeseguranca.com.br\/en\/wp-json\/wp\/v2\/posts\/12097","targetHints":{"allow":["GET"]}}],"collection":[{"href":"https:\/\/www.bibliotecadeseguranca.com.br\/en\/wp-json\/wp\/v2\/posts"}],"about":[{"href":"https:\/\/www.bibliotecadeseguranca.com.br\/en\/wp-json\/wp\/v2\/types\/post"}],"author":[{"embeddable":true,"href":"https:\/\/www.bibliotecadeseguranca.com.br\/en\/wp-json\/wp\/v2\/users\/3"}],"replies":[{"embeddable":true,"href":"https:\/\/www.bibliotecadeseguranca.com.br\/en\/wp-json\/wp\/v2\/comments?post=12097"}],"version-history":[{"count":1,"href":"https:\/\/www.bibliotecadeseguranca.com.br\/en\/wp-json\/wp\/v2\/posts\/12097\/revisions"}],"predecessor-version":[{"id":12099,"href":"https:\/\/www.bibliotecadeseguranca.com.br\/en\/wp-json\/wp\/v2\/posts\/12097\/revisions\/12099"}],"wp:featuredmedia":[{"embeddable":true,"href":"https:\/\/www.bibliotecadeseguranca.com.br\/en\/wp-json\/wp\/v2\/media\/12098"}],"wp:attachment":[{"href":"https:\/\/www.bibliotecadeseguranca.com.br\/en\/wp-json\/wp\/v2\/media?parent=12097"}],"wp:term":[{"taxonomy":"category","embeddable":true,"href":"https:\/\/www.bibliotecadeseguranca.com.br\/en\/wp-json\/wp\/v2\/categories?post=12097"},{"taxonomy":"post_tag","embeddable":true,"href":"https:\/\/www.bibliotecadeseguranca.com.br\/en\/wp-json\/wp\/v2\/tags?post=12097"}],"curies":[{"name":"wp","href":"https:\/\/api.w.org\/{rel}","templated":true}]}}