{"id":12008,"date":"2015-02-05T08:30:40","date_gmt":"2015-02-05T11:30:40","guid":{"rendered":"http:\/\/www.bibliotecadeseguranca.com.br\/en\/?p=12008"},"modified":"2015-02-05T02:51:43","modified_gmt":"2015-02-05T05:51:43","slug":"seguranca-contra-incendio-em-edificios","status":"publish","type":"post","link":"https:\/\/www.bibliotecadeseguranca.com.br\/en\/livros\/seguranca-contra-incendio-em-edificios\/","title":{"rendered":"Seguran\u00e7a Contra Inc\u00eandio em Edif\u00edcios"},"content":{"rendered":"<p><span style=\"color: #003366;\"><strong><img loading=\"lazy\" decoding=\"async\" class=\"alignleft size-full wp-image-12009\" src=\"http:\/\/www.bibliotecadeseguranca.com.br\/en\/wp-content\/uploads\/2015\/02\/seguranca-contra-incendio-em-edificios.jpg\" alt=\"Seguran\u00e7a Contra Inc\u00eandio em Edif\u00edcios\" width=\"145\" height=\"212\" srcset=\"https:\/\/www.bibliotecadeseguranca.com.br\/en\/wp-content\/uploads\/2015\/02\/seguranca-contra-incendio-em-edificios.jpg 145w, https:\/\/www.bibliotecadeseguranca.com.br\/en\/wp-content\/uploads\/2015\/02\/seguranca-contra-incendio-em-edificios-103x150.jpg 103w\" sizes=\"auto, (max-width: 145px) 100vw, 145px\" \/>Valdir Pignatta Silva<\/strong><\/span><\/p>\n<p><span style=\"color: #003366;\"><strong>Publisher\u00a0Blucher<\/strong><\/span><\/p>\n<p><span style=\"color: #003366;\"><strong>Overview:<\/strong><\/span> O objetivo deste livro n\u00e3o \u00e9 fornecer detalhes arquitet\u00f4nicos e sim conceitos ligados \u00e0 seguran\u00e7a contra inc\u00eandio, com \u00eanfase na prote\u00e7\u00e3o passiva. Frisam-se os aspectos a serem previstos no projeto e s\u00e3o comentadas, por meio de exemplos, algumas falhas encontradas na concep\u00e7\u00e3o arquitet\u00f4nica. Para fins de detalhamento do projeto as instru\u00e7\u00f5es t\u00e9cnicas dos corpos de bombeiros, as normas brasileiras e os c\u00f3digos municipais de obra devem ser consultados.<\/p>\n","protected":false},"excerpt":{"rendered":"<p>Valdir Pignatta Silva Publisher\u00a0Blucher Overview: O objetivo deste livro n\u00e3o \u00e9 fornecer detalhes arquitet\u00f4nicos e sim conceitos ligados \u00e0 seguran\u00e7a contra inc\u00eandio, com \u00eanfase na prote\u00e7\u00e3o passiva. Frisam-se os aspectos a serem previstos no projeto e s\u00e3o comentadas, por meio de exemplos, algumas falhas encontradas na concep\u00e7\u00e3o arquitet\u00f4nica. Para fins de detalhamento do projeto as instru\u00e7\u00f5es t\u00e9cnicas dos corpos de bombeiros, as normas brasileiras e os c\u00f3digos municipais de obra&hellip; <\/p>\n","protected":false},"author":3,"featured_media":12009,"comment_status":"open","ping_status":"closed","sticky":false,"template":"","format":"standard","meta":{"footnotes":""},"categories":[6,17],"tags":[],"class_list":["post-12008","post","type-post","status-publish","format-standard","has-post-thumbnail","hentry","category-livros","category-incendio"],"views":313,"_links":{"self":[{"href":"https:\/\/www.bibliotecadeseguranca.com.br\/en\/wp-json\/wp\/v2\/posts\/12008","targetHints":{"allow":["GET"]}}],"collection":[{"href":"https:\/\/www.bibliotecadeseguranca.com.br\/en\/wp-json\/wp\/v2\/posts"}],"about":[{"href":"https:\/\/www.bibliotecadeseguranca.com.br\/en\/wp-json\/wp\/v2\/types\/post"}],"author":[{"embeddable":true,"href":"https:\/\/www.bibliotecadeseguranca.com.br\/en\/wp-json\/wp\/v2\/users\/3"}],"replies":[{"embeddable":true,"href":"https:\/\/www.bibliotecadeseguranca.com.br\/en\/wp-json\/wp\/v2\/comments?post=12008"}],"version-history":[{"count":1,"href":"https:\/\/www.bibliotecadeseguranca.com.br\/en\/wp-json\/wp\/v2\/posts\/12008\/revisions"}],"predecessor-version":[{"id":12010,"href":"https:\/\/www.bibliotecadeseguranca.com.br\/en\/wp-json\/wp\/v2\/posts\/12008\/revisions\/12010"}],"wp:featuredmedia":[{"embeddable":true,"href":"https:\/\/www.bibliotecadeseguranca.com.br\/en\/wp-json\/wp\/v2\/media\/12009"}],"wp:attachment":[{"href":"https:\/\/www.bibliotecadeseguranca.com.br\/en\/wp-json\/wp\/v2\/media?parent=12008"}],"wp:term":[{"taxonomy":"category","embeddable":true,"href":"https:\/\/www.bibliotecadeseguranca.com.br\/en\/wp-json\/wp\/v2\/categories?post=12008"},{"taxonomy":"post_tag","embeddable":true,"href":"https:\/\/www.bibliotecadeseguranca.com.br\/en\/wp-json\/wp\/v2\/tags?post=12008"}],"curies":[{"name":"wp","href":"https:\/\/api.w.org\/{rel}","templated":true}]}}