{"id":11953,"date":"2015-01-23T08:30:54","date_gmt":"2015-01-23T11:30:54","guid":{"rendered":"http:\/\/www.bibliotecadeseguranca.com.br\/en\/?p=11953"},"modified":"2015-01-23T06:34:12","modified_gmt":"2015-01-23T09:34:12","slug":"gerencia-de-projetos-aplicada-a-gestao-do-conhecimento","status":"publish","type":"post","link":"https:\/\/www.bibliotecadeseguranca.com.br\/en\/livros\/gerencia-de-projetos-aplicada-a-gestao-do-conhecimento\/","title":{"rendered":"Ger\u00eancia de Projetos Aplicada \u00e0 Gest\u00e3o do Conhecimento"},"content":{"rendered":"<p><span style=\"color: #003366;\"><strong><img loading=\"lazy\" decoding=\"async\" class=\"alignleft size-full wp-image-11954\" src=\"http:\/\/www.bibliotecadeseguranca.com.br\/en\/wp-content\/uploads\/2015\/01\/gerencia-de-projetos-aplicada-a-gestao-do-conhecimento.jpg\" alt=\"Ger\u00eancia de Projetos Aplicada \u00e0 Gest\u00e3o do Conhecimento\" width=\"145\" height=\"195\" srcset=\"https:\/\/www.bibliotecadeseguranca.com.br\/en\/wp-content\/uploads\/2015\/01\/gerencia-de-projetos-aplicada-a-gestao-do-conhecimento.jpg 145w, https:\/\/www.bibliotecadeseguranca.com.br\/en\/wp-content\/uploads\/2015\/01\/gerencia-de-projetos-aplicada-a-gestao-do-conhecimento-112x150.jpg 112w\" sizes=\"auto, (max-width: 145px) 100vw, 145px\" \/>Nihad Faissal Bassis<\/strong><\/span><\/p>\n<p><span style=\"color: #003366;\"><strong>Publisher\u00a0Brasport<\/strong><\/span><\/p>\n<p><span style=\"color: #003366;\"><strong>Overview:<\/strong><\/span> Este livro tem como base a aplica\u00e7\u00e3o dos padr\u00f5es de projeto em iniciativas de Gest\u00e3o do Conhecimento voltadas para a forma\u00e7\u00e3o de Culturas de Intelig\u00eancia Organizacional como fator diferencial de competitividade. \u00c9 uma ponte que une estrategicamente GP e GC.<\/p>\n<p>\u00c9 ferramenta de apoio para a\u00e7\u00f5es de planejamento em projetos de Gest\u00e3o do Conhecimento (educa\u00e7\u00e3o corporativa e educa\u00e7\u00e3o a dist\u00e2ncia). Tamb\u00e9m poder\u00e1 ser utilizado nas disciplinas de gradua\u00e7\u00e3o e p\u00f3s-gradua\u00e7\u00e3o: Gest\u00e3o do Conhecimento, Capital Intelectual, Planejamento Educacional, Intelig\u00eancia Competitiva, Gest\u00e3o de Ativos Intang\u00edveis, Gest\u00e3o de Projetos e Planejamento de Projetos.<\/p>\n<p>Veremos a Gest\u00e3o do Conhecimento como um conjunto de boas pr\u00e1ticas aplicadas cada qual a seu tempo, em harmonia com as necessidades educacionais sob o enfoque da forma\u00e7\u00e3o de Culturas de Intelig\u00eancia Organizacional.<\/p>\n<p>Ser\u00e3o utilizadas como refer\u00eancias de padr\u00f5es de boas pr\u00e1ticas: o PMBOK do PMI (4\u00aa edi\u00e7\u00e3o) para Gest\u00e3o de Projetos, a norma NBR 10015 para Qualidade em Treinamentos e o \u201cGuia de Boas Pr\u00e1ticas de Gest\u00e3o do Conhecimento\u201d, tamb\u00e9m conhecido como \u201cCEN Workshop Agreement \u2013 CWA 14924\u201d do Comit\u00ea Europeu de normatiza\u00e7\u00e3o, o CEN.<\/p>\n","protected":false},"excerpt":{"rendered":"<p>Nihad Faissal Bassis Publisher\u00a0Brasport Overview: Este livro tem como base a aplica\u00e7\u00e3o dos padr\u00f5es de projeto em iniciativas de Gest\u00e3o do Conhecimento voltadas para a forma\u00e7\u00e3o de Culturas de Intelig\u00eancia Organizacional como fator diferencial de competitividade. \u00c9 uma ponte que une estrategicamente GP e GC. \u00c9 ferramenta de apoio para a\u00e7\u00f5es de planejamento em projetos de Gest\u00e3o do Conhecimento (educa\u00e7\u00e3o corporativa e educa\u00e7\u00e3o a dist\u00e2ncia). Tamb\u00e9m poder\u00e1 ser utilizado nas&hellip; <\/p>\n","protected":false},"author":3,"featured_media":11954,"comment_status":"open","ping_status":"closed","sticky":false,"template":"","format":"standard","meta":{"footnotes":""},"categories":[14,6,30],"tags":[],"class_list":["post-11953","post","type-post","status-publish","format-standard","has-post-thumbnail","hentry","category-administracao-e-estrategia-empresarial","category-livros","category-espionagem-e-inteligencia-competitiva"],"views":325,"_links":{"self":[{"href":"https:\/\/www.bibliotecadeseguranca.com.br\/en\/wp-json\/wp\/v2\/posts\/11953","targetHints":{"allow":["GET"]}}],"collection":[{"href":"https:\/\/www.bibliotecadeseguranca.com.br\/en\/wp-json\/wp\/v2\/posts"}],"about":[{"href":"https:\/\/www.bibliotecadeseguranca.com.br\/en\/wp-json\/wp\/v2\/types\/post"}],"author":[{"embeddable":true,"href":"https:\/\/www.bibliotecadeseguranca.com.br\/en\/wp-json\/wp\/v2\/users\/3"}],"replies":[{"embeddable":true,"href":"https:\/\/www.bibliotecadeseguranca.com.br\/en\/wp-json\/wp\/v2\/comments?post=11953"}],"version-history":[{"count":1,"href":"https:\/\/www.bibliotecadeseguranca.com.br\/en\/wp-json\/wp\/v2\/posts\/11953\/revisions"}],"predecessor-version":[{"id":11955,"href":"https:\/\/www.bibliotecadeseguranca.com.br\/en\/wp-json\/wp\/v2\/posts\/11953\/revisions\/11955"}],"wp:featuredmedia":[{"embeddable":true,"href":"https:\/\/www.bibliotecadeseguranca.com.br\/en\/wp-json\/wp\/v2\/media\/11954"}],"wp:attachment":[{"href":"https:\/\/www.bibliotecadeseguranca.com.br\/en\/wp-json\/wp\/v2\/media?parent=11953"}],"wp:term":[{"taxonomy":"category","embeddable":true,"href":"https:\/\/www.bibliotecadeseguranca.com.br\/en\/wp-json\/wp\/v2\/categories?post=11953"},{"taxonomy":"post_tag","embeddable":true,"href":"https:\/\/www.bibliotecadeseguranca.com.br\/en\/wp-json\/wp\/v2\/tags?post=11953"}],"curies":[{"name":"wp","href":"https:\/\/api.w.org\/{rel}","templated":true}]}}