{"id":11920,"date":"2015-01-16T08:30:43","date_gmt":"2015-01-16T11:30:43","guid":{"rendered":"http:\/\/www.bibliotecadeseguranca.com.br\/en\/?p=11920"},"modified":"2015-02-02T03:17:23","modified_gmt":"2015-02-02T06:17:23","slug":"projeto-seguro-integracao-entre-arquitetura-e-seguranca","status":"publish","type":"post","link":"https:\/\/www.bibliotecadeseguranca.com.br\/en\/livros\/projeto-seguro-integracao-entre-arquitetura-e-seguranca\/","title":{"rendered":"Projeto Seguro &#8211; Integra\u00e7\u00e3o entre Arquitetura e Seguran\u00e7a"},"content":{"rendered":"<p><span style=\"color: #003366;\"><strong><br \/>\n<img loading=\"lazy\" decoding=\"async\" class=\"alignleft size-full wp-image-11992\" src=\"http:\/\/www.bibliotecadeseguranca.com.br\/en\/wp-content\/uploads\/2015\/01\/projeto-seguro-integraaao-entre-arquitetura-e-seguranaa.jpg\" alt=\"Projeto Seguro - Integra\u00e7\u00e3o entre Arquitetura e Seguran\u00e7a\" width=\"145\" height=\"208\" srcset=\"https:\/\/www.bibliotecadeseguranca.com.br\/en\/wp-content\/uploads\/2015\/01\/projeto-seguro-integraaao-entre-arquitetura-e-seguranaa.jpg 145w, https:\/\/www.bibliotecadeseguranca.com.br\/en\/wp-content\/uploads\/2015\/01\/projeto-seguro-integraaao-entre-arquitetura-e-seguranaa-105x150.jpg 105w\" sizes=\"auto, (max-width: 145px) 100vw, 145px\" \/>T\u00e1cito Augusto Silva Leite, DSE, ASE<\/strong><\/span><\/p>\n<p><span style=\"color: #003366;\"><strong>Overview:<\/strong><\/span> A preocupa\u00e7\u00e3o com a normaliza\u00e7\u00e3o, regulamenta\u00e7\u00e3o e par\u00e2metros da seguran\u00e7a patrimonial no Brasil ainda \u00e9 muito restrita. Pode-se constatar a aus\u00eancia de pesquisas cient\u00edficas, pouca bibliografia e normaliza\u00e7\u00e3o para a \u00e1rea, assim como falta de terminologia: ainda n\u00e3o h\u00e1 defini\u00e7\u00e3o precisa quanto aos termos usados na seguran\u00e7a, gerando conflitos no mercado. A legisla\u00e7\u00e3o brasileira n\u00e3o contempla suficientemente o controle dos dispositivos de seguran\u00e7a em edifica\u00e7\u00f5es. Assim, aproveitando tal contexto e a oportunidade aberta pelo NUTAU, este texto visa a jogar luz neste assunto, trazendo, do ponto-de-vista do gestor de seguran\u00e7a, alguns subs\u00eddios para o desenvolvimento dos debates acerca da arquitetura e de sua rela\u00e7\u00e3o com a seguran\u00e7a privada.<\/p>\n<p><a href=\"http:\/\/www.bibliotecadeseguranca.com.br\/wp-content\/uploads\/2015\/01\/20150116_artigo_projeto_seguro_nutau_usp_revisado_capa_tacito.pdf\" target=\"_blank\"><img loading=\"lazy\" decoding=\"async\" class=\"alignleft wp-image-11251 size-full\" src=\"http:\/\/www.bibliotecadeseguranca.com.br\/en\/wp-content\/uploads\/2014\/08\/download.gif\" alt=\"Download\" width=\"89\" height=\"25\" \/><\/a><\/p>\n","protected":false},"excerpt":{"rendered":"<p>T\u00e1cito Augusto Silva Leite, DSE, ASE Overview: A preocupa\u00e7\u00e3o com a normaliza\u00e7\u00e3o, regulamenta\u00e7\u00e3o e par\u00e2metros da seguran\u00e7a patrimonial no Brasil ainda \u00e9 muito restrita. Pode-se constatar a aus\u00eancia de pesquisas cient\u00edficas, pouca bibliografia e normaliza\u00e7\u00e3o para a \u00e1rea, assim como falta de terminologia: ainda n\u00e3o h\u00e1 defini\u00e7\u00e3o precisa quanto aos termos usados na seguran\u00e7a, gerando conflitos no mercado. A legisla\u00e7\u00e3o brasileira n\u00e3o contempla suficientemente o controle dos dispositivos de seguran\u00e7a&hellip; <\/p>\n","protected":false},"author":3,"featured_media":11992,"comment_status":"open","ping_status":"closed","sticky":false,"template":"","format":"standard","meta":{"footnotes":""},"categories":[92,6,112,23],"tags":[],"class_list":["post-11920","post","type-post","status-publish","format-standard","has-post-thumbnail","hentry","category-trabalho-academico","category-livros","category-download","category-enterprise-security-management"],"views":350,"_links":{"self":[{"href":"https:\/\/www.bibliotecadeseguranca.com.br\/en\/wp-json\/wp\/v2\/posts\/11920","targetHints":{"allow":["GET"]}}],"collection":[{"href":"https:\/\/www.bibliotecadeseguranca.com.br\/en\/wp-json\/wp\/v2\/posts"}],"about":[{"href":"https:\/\/www.bibliotecadeseguranca.com.br\/en\/wp-json\/wp\/v2\/types\/post"}],"author":[{"embeddable":true,"href":"https:\/\/www.bibliotecadeseguranca.com.br\/en\/wp-json\/wp\/v2\/users\/3"}],"replies":[{"embeddable":true,"href":"https:\/\/www.bibliotecadeseguranca.com.br\/en\/wp-json\/wp\/v2\/comments?post=11920"}],"version-history":[{"count":5,"href":"https:\/\/www.bibliotecadeseguranca.com.br\/en\/wp-json\/wp\/v2\/posts\/11920\/revisions"}],"predecessor-version":[{"id":11993,"href":"https:\/\/www.bibliotecadeseguranca.com.br\/en\/wp-json\/wp\/v2\/posts\/11920\/revisions\/11993"}],"wp:featuredmedia":[{"embeddable":true,"href":"https:\/\/www.bibliotecadeseguranca.com.br\/en\/wp-json\/wp\/v2\/media\/11992"}],"wp:attachment":[{"href":"https:\/\/www.bibliotecadeseguranca.com.br\/en\/wp-json\/wp\/v2\/media?parent=11920"}],"wp:term":[{"taxonomy":"category","embeddable":true,"href":"https:\/\/www.bibliotecadeseguranca.com.br\/en\/wp-json\/wp\/v2\/categories?post=11920"},{"taxonomy":"post_tag","embeddable":true,"href":"https:\/\/www.bibliotecadeseguranca.com.br\/en\/wp-json\/wp\/v2\/tags?post=11920"}],"curies":[{"name":"wp","href":"https:\/\/api.w.org\/{rel}","templated":true}]}}