{"id":11790,"date":"2014-12-12T08:30:48","date_gmt":"2014-12-12T11:30:48","guid":{"rendered":"http:\/\/www.bibliotecadeseguranca.com.br\/en\/?p=11790"},"modified":"2014-12-12T08:20:50","modified_gmt":"2014-12-12T11:20:50","slug":"lideranca-e-gestao-para-gestores-de-seguranca","status":"publish","type":"post","link":"https:\/\/www.bibliotecadeseguranca.com.br\/en\/videos\/lideranca-e-gestao-para-gestores-de-seguranca\/","title":{"rendered":"Lideran\u00e7a e Gest\u00e3o para Gestores de Seguran\u00e7a"},"content":{"rendered":"<p><span style=\"color: #003366;\"><strong><img loading=\"lazy\" decoding=\"async\" class=\"alignleft size-full wp-image-11791\" src=\"http:\/\/www.bibliotecadeseguranca.com.br\/en\/wp-content\/uploads\/2014\/12\/lideranca-e-gestao-para-gestores-de-seguranca.jpg\" alt=\"Lideran\u00e7a e Gest\u00e3o para Gestores de Seguran\u00e7a\" width=\"145\" height=\"212\" srcset=\"https:\/\/www.bibliotecadeseguranca.com.br\/en\/wp-content\/uploads\/2014\/12\/lideranca-e-gestao-para-gestores-de-seguranca.jpg 145w, https:\/\/www.bibliotecadeseguranca.com.br\/en\/wp-content\/uploads\/2014\/12\/lideranca-e-gestao-para-gestores-de-seguranca-102x150.jpg 102w\" sizes=\"auto, (max-width: 145px) 100vw, 145px\" \/>Nino Meireles<\/strong><\/span><\/p>\n<p><span style=\"color: #003366;\"><strong>Publisher\u00a0Jornal da Seguran\u00e7a<\/strong><\/span><\/p>\n<p><span style=\"color: #003366;\"><strong>Overview:<\/strong><\/span> Nesta v\u00eddeo aula ser\u00e3o abordados temas &#8211; organiza\u00e7\u00f5es, pessoas, gest\u00e3o, lideran\u00e7a e ferramentas de gest\u00e3o (orat\u00f3ria, fluxograma, ciclo PDCA, gerenciamento conflito e marketing pessoal). Ser\u00e3o fornecidas as bases para o sucesso da gest\u00e3o do gestor de seguran\u00e7a.<\/p>\n","protected":false},"excerpt":{"rendered":"<p>Nino Meireles Publisher\u00a0Jornal da Seguran\u00e7a Overview: Nesta v\u00eddeo aula ser\u00e3o abordados temas &#8211; organiza\u00e7\u00f5es, pessoas, gest\u00e3o, lideran\u00e7a e ferramentas de gest\u00e3o (orat\u00f3ria, fluxograma, ciclo PDCA, gerenciamento conflito e marketing pessoal). Ser\u00e3o fornecidas as bases para o sucesso da gest\u00e3o do gestor de seguran\u00e7a.<\/p>\n","protected":false},"author":3,"featured_media":11791,"comment_status":"open","ping_status":"closed","sticky":false,"template":"","format":"standard","meta":{"footnotes":""},"categories":[61,98,28],"tags":[],"class_list":["post-11790","post","type-post","status-publish","format-standard","has-post-thumbnail","hentry","category-dvd","category-seguranca-patrimonial-e-privada-videos","category-videos"],"views":616,"_links":{"self":[{"href":"https:\/\/www.bibliotecadeseguranca.com.br\/en\/wp-json\/wp\/v2\/posts\/11790","targetHints":{"allow":["GET"]}}],"collection":[{"href":"https:\/\/www.bibliotecadeseguranca.com.br\/en\/wp-json\/wp\/v2\/posts"}],"about":[{"href":"https:\/\/www.bibliotecadeseguranca.com.br\/en\/wp-json\/wp\/v2\/types\/post"}],"author":[{"embeddable":true,"href":"https:\/\/www.bibliotecadeseguranca.com.br\/en\/wp-json\/wp\/v2\/users\/3"}],"replies":[{"embeddable":true,"href":"https:\/\/www.bibliotecadeseguranca.com.br\/en\/wp-json\/wp\/v2\/comments?post=11790"}],"version-history":[{"count":1,"href":"https:\/\/www.bibliotecadeseguranca.com.br\/en\/wp-json\/wp\/v2\/posts\/11790\/revisions"}],"predecessor-version":[{"id":11792,"href":"https:\/\/www.bibliotecadeseguranca.com.br\/en\/wp-json\/wp\/v2\/posts\/11790\/revisions\/11792"}],"wp:featuredmedia":[{"embeddable":true,"href":"https:\/\/www.bibliotecadeseguranca.com.br\/en\/wp-json\/wp\/v2\/media\/11791"}],"wp:attachment":[{"href":"https:\/\/www.bibliotecadeseguranca.com.br\/en\/wp-json\/wp\/v2\/media?parent=11790"}],"wp:term":[{"taxonomy":"category","embeddable":true,"href":"https:\/\/www.bibliotecadeseguranca.com.br\/en\/wp-json\/wp\/v2\/categories?post=11790"},{"taxonomy":"post_tag","embeddable":true,"href":"https:\/\/www.bibliotecadeseguranca.com.br\/en\/wp-json\/wp\/v2\/tags?post=11790"}],"curies":[{"name":"wp","href":"https:\/\/api.w.org\/{rel}","templated":true}]}}