{"id":11703,"date":"2014-11-20T08:30:09","date_gmt":"2014-11-20T11:30:09","guid":{"rendered":"http:\/\/www.bibliotecadeseguranca.com.br\/en\/?p=11703"},"modified":"2014-11-20T07:36:12","modified_gmt":"2014-11-20T10:36:12","slug":"curso-de-criminologia-2","status":"publish","type":"post","link":"https:\/\/www.bibliotecadeseguranca.com.br\/en\/livros\/curso-de-criminologia-2\/","title":{"rendered":"Curso de Criminologia"},"content":{"rendered":"<p><span style=\"color: #003366;\"><strong><img loading=\"lazy\" decoding=\"async\" class=\"alignleft size-full wp-image-11704\" src=\"http:\/\/www.bibliotecadeseguranca.com.br\/en\/wp-content\/uploads\/2014\/11\/curso-de-criminologia.jpg\" alt=\"Curso de Criminologia\" width=\"145\" height=\"194\" srcset=\"https:\/\/www.bibliotecadeseguranca.com.br\/en\/wp-content\/uploads\/2014\/11\/curso-de-criminologia.jpg 145w, https:\/\/www.bibliotecadeseguranca.com.br\/en\/wp-content\/uploads\/2014\/11\/curso-de-criminologia-112x150.jpg 112w\" sizes=\"auto, (max-width: 145px) 100vw, 145px\" \/>Aderlan Crespo<\/strong><\/span><\/p>\n<p><span style=\"color: #003366;\"><strong>Publisher\u00a0Campus<\/strong><\/span><\/p>\n<p><span style=\"color: #003366;\"><strong>Overview:<\/strong><\/span> Esse livro traz os conhecimentos fundamentais sobre a criminologia, reconhecida como ci\u00eancia interdisciplinar, que envolve tanto os aspectos hist\u00f3ricos da pena de pris\u00e3o, como tamb\u00e9m a an\u00e1lise do pr\u00f3prio direito penal, contudo de forma mais realista e, portanto, cr\u00edtica. Faz, tamb\u00e9m, uma an\u00e1lise realista dos fatos hist\u00f3ricos relacionados ao crime e \u00e0 pena, uma reflex\u00e3o sobre a rela\u00e7\u00e3o entre os fins te\u00f3ricos do direito penal e o discurso de prote\u00e7\u00e3o dos direitos fundamentais, notadamente nos pa\u00edses europeus e americanos.<\/p>\n","protected":false},"excerpt":{"rendered":"<p>Aderlan Crespo Publisher\u00a0Campus Overview: Esse livro traz os conhecimentos fundamentais sobre a criminologia, reconhecida como ci\u00eancia interdisciplinar, que envolve tanto os aspectos hist\u00f3ricos da pena de pris\u00e3o, como tamb\u00e9m a an\u00e1lise do pr\u00f3prio direito penal, contudo de forma mais realista e, portanto, cr\u00edtica. Faz, tamb\u00e9m, uma an\u00e1lise realista dos fatos hist\u00f3ricos relacionados ao crime e \u00e0 pena, uma reflex\u00e3o sobre a rela\u00e7\u00e3o entre os fins te\u00f3ricos do direito penal e&hellip; <\/p>\n","protected":false},"author":3,"featured_media":11704,"comment_status":"open","ping_status":"closed","sticky":false,"template":"","format":"standard","meta":{"footnotes":""},"categories":[6,10],"tags":[],"class_list":["post-11703","post","type-post","status-publish","format-standard","has-post-thumbnail","hentry","category-livros","category-crime-violencia-e-criminologia"],"views":294,"_links":{"self":[{"href":"https:\/\/www.bibliotecadeseguranca.com.br\/en\/wp-json\/wp\/v2\/posts\/11703","targetHints":{"allow":["GET"]}}],"collection":[{"href":"https:\/\/www.bibliotecadeseguranca.com.br\/en\/wp-json\/wp\/v2\/posts"}],"about":[{"href":"https:\/\/www.bibliotecadeseguranca.com.br\/en\/wp-json\/wp\/v2\/types\/post"}],"author":[{"embeddable":true,"href":"https:\/\/www.bibliotecadeseguranca.com.br\/en\/wp-json\/wp\/v2\/users\/3"}],"replies":[{"embeddable":true,"href":"https:\/\/www.bibliotecadeseguranca.com.br\/en\/wp-json\/wp\/v2\/comments?post=11703"}],"version-history":[{"count":1,"href":"https:\/\/www.bibliotecadeseguranca.com.br\/en\/wp-json\/wp\/v2\/posts\/11703\/revisions"}],"predecessor-version":[{"id":11705,"href":"https:\/\/www.bibliotecadeseguranca.com.br\/en\/wp-json\/wp\/v2\/posts\/11703\/revisions\/11705"}],"wp:featuredmedia":[{"embeddable":true,"href":"https:\/\/www.bibliotecadeseguranca.com.br\/en\/wp-json\/wp\/v2\/media\/11704"}],"wp:attachment":[{"href":"https:\/\/www.bibliotecadeseguranca.com.br\/en\/wp-json\/wp\/v2\/media?parent=11703"}],"wp:term":[{"taxonomy":"category","embeddable":true,"href":"https:\/\/www.bibliotecadeseguranca.com.br\/en\/wp-json\/wp\/v2\/categories?post=11703"},{"taxonomy":"post_tag","embeddable":true,"href":"https:\/\/www.bibliotecadeseguranca.com.br\/en\/wp-json\/wp\/v2\/tags?post=11703"}],"curies":[{"name":"wp","href":"https:\/\/api.w.org\/{rel}","templated":true}]}}