{"id":11633,"date":"2014-11-04T09:30:11","date_gmt":"2014-11-04T12:30:11","guid":{"rendered":"http:\/\/www.bibliotecadeseguranca.com.br\/en\/?p=11633"},"modified":"2014-11-04T08:51:14","modified_gmt":"2014-11-04T11:51:14","slug":"gestao-da-informacao-e-do-conhecimento-2","status":"publish","type":"post","link":"https:\/\/www.bibliotecadeseguranca.com.br\/en\/livros\/gestao-da-informacao-e-do-conhecimento-2\/","title":{"rendered":"Gest\u00e3o da Informa\u00e7\u00e3o e do Conhecimento"},"content":{"rendered":"<p><span style=\"color: #003366;\"><strong><img loading=\"lazy\" decoding=\"async\" class=\"alignleft size-full wp-image-11634\" src=\"http:\/\/www.bibliotecadeseguranca.com.br\/en\/wp-content\/uploads\/2014\/11\/gestao-da-informacao-e-do-conhecimento.jpg\" alt=\"Gest\u00e3o da Informa\u00e7\u00e3o e do Conhecimento\" width=\"145\" height=\"203\" srcset=\"https:\/\/www.bibliotecadeseguranca.com.br\/en\/wp-content\/uploads\/2014\/11\/gestao-da-informacao-e-do-conhecimento.jpg 145w, https:\/\/www.bibliotecadeseguranca.com.br\/en\/wp-content\/uploads\/2014\/11\/gestao-da-informacao-e-do-conhecimento-107x150.jpg 107w\" sizes=\"auto, (max-width: 145px) 100vw, 145px\" \/>Leonardo Fernandes Souto<\/strong><\/span><\/p>\n<p><span style=\"color: #003366;\"><strong>Publisher\u00a0Interci\u00eancia<\/strong><\/span><\/p>\n<p><span style=\"color: #003366;\"><strong>Overview:<\/strong><\/span> N\u00e3o h\u00e1 como negar a valoriza\u00e7\u00e3o crescente dos ativos ating\u00edveis no contexto da chamada Economia do Conhecimento. Com isso, cada vez mais, as organiza\u00e7\u00f5es se deparam com a necessidade de implementar pr\u00e1ticas voltadas para a gest\u00e3o de tais ativos, de modo a propiciar melhores resultados.<br \/>\nNesse cen\u00e1rio, os processos de gest\u00e3o da informa\u00e7\u00e3o e do conhecimento v\u00eam adquirindo um maior reconhecimento como colaboradores para a melhoria do processo de inova\u00e7\u00e3o, da efici\u00eancia e da efic\u00e1cia, do valor e do reconhecimento da marca, dentre outros resultados organizacionais.<br \/>\nDiante da capilaridade dos processos de gest\u00e3o da informa\u00e7\u00e3o e do conhecimento, que permeiam a diversidade das estruturas organizacionais e suportam a quase totalidade de seus processos, uma vez que informa\u00e7\u00e3o e conhecimento se apresentam como insumos para a realiza\u00e7\u00e3o das atividades cotidianas e estrat\u00e9gicas, \u00e9 natural que exista uma pluralidade de profissionais, de distintas \u00e1reas do conhecimento, que se dediquem a estudar e a implementar os processos de gest\u00e3o da informa\u00e7\u00e3o e do conhecimento.<br \/>\nAssim, esta obra \u00e9 uma singela contribui\u00e7\u00e3o de profissionais com forma\u00e7\u00e3o em biblioteconomia, inseridos em institui\u00e7\u00f5es de valor altamente reconhecido &#8211; na condi\u00e7\u00e3o de t\u00e9cnicos, gestores ou pesquisadores &#8211; contando tamb\u00e9m com a participa\u00e7\u00e3o de consultores, com atua\u00e7\u00e3o nacional e internacional, que compartilharam suas experi\u00eancias e reflex\u00f5es acerca da gest\u00e3o da informa\u00e7\u00e3o e do conhecimento.<\/p>\n","protected":false},"excerpt":{"rendered":"<p>Leonardo Fernandes Souto Publisher\u00a0Interci\u00eancia Overview: N\u00e3o h\u00e1 como negar a valoriza\u00e7\u00e3o crescente dos ativos ating\u00edveis no contexto da chamada Economia do Conhecimento. Com isso, cada vez mais, as organiza\u00e7\u00f5es se deparam com a necessidade de implementar pr\u00e1ticas voltadas para a gest\u00e3o de tais ativos, de modo a propiciar melhores resultados. Nesse cen\u00e1rio, os processos de gest\u00e3o da informa\u00e7\u00e3o e do conhecimento v\u00eam adquirindo um maior reconhecimento como colaboradores para a&hellip; <\/p>\n","protected":false},"author":3,"featured_media":11634,"comment_status":"open","ping_status":"closed","sticky":false,"template":"","format":"standard","meta":{"footnotes":""},"categories":[6,30],"tags":[],"class_list":["post-11633","post","type-post","status-publish","format-standard","has-post-thumbnail","hentry","category-livros","category-espionagem-e-inteligencia-competitiva"],"views":362,"_links":{"self":[{"href":"https:\/\/www.bibliotecadeseguranca.com.br\/en\/wp-json\/wp\/v2\/posts\/11633","targetHints":{"allow":["GET"]}}],"collection":[{"href":"https:\/\/www.bibliotecadeseguranca.com.br\/en\/wp-json\/wp\/v2\/posts"}],"about":[{"href":"https:\/\/www.bibliotecadeseguranca.com.br\/en\/wp-json\/wp\/v2\/types\/post"}],"author":[{"embeddable":true,"href":"https:\/\/www.bibliotecadeseguranca.com.br\/en\/wp-json\/wp\/v2\/users\/3"}],"replies":[{"embeddable":true,"href":"https:\/\/www.bibliotecadeseguranca.com.br\/en\/wp-json\/wp\/v2\/comments?post=11633"}],"version-history":[{"count":1,"href":"https:\/\/www.bibliotecadeseguranca.com.br\/en\/wp-json\/wp\/v2\/posts\/11633\/revisions"}],"predecessor-version":[{"id":11635,"href":"https:\/\/www.bibliotecadeseguranca.com.br\/en\/wp-json\/wp\/v2\/posts\/11633\/revisions\/11635"}],"wp:featuredmedia":[{"embeddable":true,"href":"https:\/\/www.bibliotecadeseguranca.com.br\/en\/wp-json\/wp\/v2\/media\/11634"}],"wp:attachment":[{"href":"https:\/\/www.bibliotecadeseguranca.com.br\/en\/wp-json\/wp\/v2\/media?parent=11633"}],"wp:term":[{"taxonomy":"category","embeddable":true,"href":"https:\/\/www.bibliotecadeseguranca.com.br\/en\/wp-json\/wp\/v2\/categories?post=11633"},{"taxonomy":"post_tag","embeddable":true,"href":"https:\/\/www.bibliotecadeseguranca.com.br\/en\/wp-json\/wp\/v2\/tags?post=11633"}],"curies":[{"name":"wp","href":"https:\/\/api.w.org\/{rel}","templated":true}]}}