{"id":11574,"date":"2014-10-21T08:30:43","date_gmt":"2014-10-21T11:30:43","guid":{"rendered":"http:\/\/www.bibliotecadeseguranca.com.br\/en\/?p=11574"},"modified":"2014-10-21T07:46:08","modified_gmt":"2014-10-21T10:46:08","slug":"gestao-do-conhecimento-capital-intelectual-e-ativos-intangiveis","status":"publish","type":"post","link":"https:\/\/www.bibliotecadeseguranca.com.br\/en\/livros\/gestao-do-conhecimento-capital-intelectual-e-ativos-intangiveis\/","title":{"rendered":"Gest\u00e3o do Conhecimento, Capital Intelectual e Ativos Intang\u00edveis"},"content":{"rendered":"<p><span style=\"color: #003366;\"><strong><img loading=\"lazy\" decoding=\"async\" class=\"alignleft size-full wp-image-11575\" src=\"http:\/\/www.bibliotecadeseguranca.com.br\/en\/wp-content\/uploads\/2014\/10\/gestao-do-conhecimento-capital-intelectual-e-ativos-intangiveis.jpg\" alt=\"Gest\u00e3o do Conhecimento, Capital Intelectual e Ativos Intang\u00edveis\" width=\"145\" height=\"205\" srcset=\"https:\/\/www.bibliotecadeseguranca.com.br\/en\/wp-content\/uploads\/2014\/10\/gestao-do-conhecimento-capital-intelectual-e-ativos-intangiveis.jpg 145w, https:\/\/www.bibliotecadeseguranca.com.br\/en\/wp-content\/uploads\/2014\/10\/gestao-do-conhecimento-capital-intelectual-e-ativos-intangiveis-106x150.jpg 106w\" sizes=\"auto, (max-width: 145px) 100vw, 145px\" \/>Jos\u00e9 Francisco de Carvalho Rezende<\/strong><\/span><\/p>\n<p><span style=\"color: #003366;\"><strong>Publisher\u00a0Campus<\/strong><\/span><\/p>\n<p><span style=\"color: #003366;\"><strong>Overview:<\/strong><\/span> Este livro de estudo sobre o papel do Conhecimento e, em geral, dos Intang\u00edveis como mecanismos norteadores de gera\u00e7\u00e3o de valor para as organiza\u00e7\u00f5es \u00e9 relativamente novo e a melhor forma de explor\u00e1-lo \u00e9 sem o uso de pretensas verdades cient\u00edficas ou v\u00edcios de profiss\u00e3o.O que precisamos, como diria o Prof. Leif Edvinsson, \u00e9 encontrar outras formas de navegar numa nova economia, com organiza\u00e7\u00f5es mais adaptadas e dispostas a ir em busca de valor para al\u00e9m do resultado econ\u00f4mico. Os estudos apresentados no I Col\u00f3quio Brasileiro de Gest\u00e3o do Conhecimento, Capital Intelectual e Ativos Intang\u00edveis, aqui em parte retratados, trazem esse contexto de oportunidades, desafios e recursos ainda n\u00e3o perfeitamente caracterizados e geridos, por\u00e9m fundamentais aos dias de hoje. Nesse sentido, acreditamos ter conseguido dialogar com pesquisadores e profissionais de mercado objetivando o desenvolvimento de conceitos, pr\u00e1ticas, modelos e aplica\u00e7\u00f5es voltados para a cria\u00e7\u00e3o de valor nas organiza\u00e7\u00f5es brasileiras contempor\u00e2neas. \u00c9 uma jornada nova, rica e interessante. Pois que a mesma comece!<\/p>\n","protected":false},"excerpt":{"rendered":"<p>Jos\u00e9 Francisco de Carvalho Rezende Publisher\u00a0Campus Overview: Este livro de estudo sobre o papel do Conhecimento e, em geral, dos Intang\u00edveis como mecanismos norteadores de gera\u00e7\u00e3o de valor para as organiza\u00e7\u00f5es \u00e9 relativamente novo e a melhor forma de explor\u00e1-lo \u00e9 sem o uso de pretensas verdades cient\u00edficas ou v\u00edcios de profiss\u00e3o.O que precisamos, como diria o Prof. Leif Edvinsson, \u00e9 encontrar outras formas de navegar numa nova economia, com&hellip; <\/p>\n","protected":false},"author":3,"featured_media":11575,"comment_status":"open","ping_status":"closed","sticky":false,"template":"","format":"standard","meta":{"footnotes":""},"categories":[6,30],"tags":[],"class_list":["post-11574","post","type-post","status-publish","format-standard","has-post-thumbnail","hentry","category-livros","category-espionagem-e-inteligencia-competitiva"],"views":345,"_links":{"self":[{"href":"https:\/\/www.bibliotecadeseguranca.com.br\/en\/wp-json\/wp\/v2\/posts\/11574","targetHints":{"allow":["GET"]}}],"collection":[{"href":"https:\/\/www.bibliotecadeseguranca.com.br\/en\/wp-json\/wp\/v2\/posts"}],"about":[{"href":"https:\/\/www.bibliotecadeseguranca.com.br\/en\/wp-json\/wp\/v2\/types\/post"}],"author":[{"embeddable":true,"href":"https:\/\/www.bibliotecadeseguranca.com.br\/en\/wp-json\/wp\/v2\/users\/3"}],"replies":[{"embeddable":true,"href":"https:\/\/www.bibliotecadeseguranca.com.br\/en\/wp-json\/wp\/v2\/comments?post=11574"}],"version-history":[{"count":1,"href":"https:\/\/www.bibliotecadeseguranca.com.br\/en\/wp-json\/wp\/v2\/posts\/11574\/revisions"}],"predecessor-version":[{"id":11576,"href":"https:\/\/www.bibliotecadeseguranca.com.br\/en\/wp-json\/wp\/v2\/posts\/11574\/revisions\/11576"}],"wp:featuredmedia":[{"embeddable":true,"href":"https:\/\/www.bibliotecadeseguranca.com.br\/en\/wp-json\/wp\/v2\/media\/11575"}],"wp:attachment":[{"href":"https:\/\/www.bibliotecadeseguranca.com.br\/en\/wp-json\/wp\/v2\/media?parent=11574"}],"wp:term":[{"taxonomy":"category","embeddable":true,"href":"https:\/\/www.bibliotecadeseguranca.com.br\/en\/wp-json\/wp\/v2\/categories?post=11574"},{"taxonomy":"post_tag","embeddable":true,"href":"https:\/\/www.bibliotecadeseguranca.com.br\/en\/wp-json\/wp\/v2\/tags?post=11574"}],"curies":[{"name":"wp","href":"https:\/\/api.w.org\/{rel}","templated":true}]}}