{"id":11337,"date":"2014-08-27T09:30:48","date_gmt":"2014-08-27T12:30:48","guid":{"rendered":"http:\/\/www.bibliotecadeseguranca.com.br\/en\/?p=11337"},"modified":"2014-08-27T08:15:07","modified_gmt":"2014-08-27T11:15:07","slug":"plan-de-gestion-de-crise","status":"publish","type":"post","link":"https:\/\/www.bibliotecadeseguranca.com.br\/en\/livros\/plan-de-gestion-de-crise\/","title":{"rendered":"Plan de gestion de crise"},"content":{"rendered":"<p><span style=\"color: #003366;\"><strong><img loading=\"lazy\" decoding=\"async\" class=\"alignleft size-full wp-image-11338\" src=\"http:\/\/www.bibliotecadeseguranca.com.br\/en\/wp-content\/uploads\/2014\/08\/plan-de-gestion-de-crise.jpg\" alt=\"Plan de gestion de crise\" width=\"145\" height=\"224\" srcset=\"https:\/\/www.bibliotecadeseguranca.com.br\/en\/wp-content\/uploads\/2014\/08\/plan-de-gestion-de-crise.jpg 145w, https:\/\/www.bibliotecadeseguranca.com.br\/en\/wp-content\/uploads\/2014\/08\/plan-de-gestion-de-crise-97x150.jpg 97w\" sizes=\"auto, (max-width: 145px) 100vw, 145px\" \/>Didier Heiderich<\/strong><\/span><\/p>\n<p><span style=\"color: #003366;\"><strong>Publisher Dunod<\/strong><\/span><\/p>\n<p><span style=\"color: #003366;\"><strong>Overview:<\/strong><\/span> Toutes les organisations seront confront\u00e9es un jour \u00e0 une crise ; s&#8217;y pr\u00e9parer et surtout la g\u00e9rer en r\u00e9duit les impacts mais demande un d\u00e9passement de l&#8217;organisation.<br \/>\nIllustr\u00e9 d&#8217;exemples et de t\u00e9moignages de sp\u00e9cialistes du terrain, cet ouvrage concret et pragmatique couvre la gestion de crise \u00e0 360\u00b0 et vous guide dans :<\/p>\n<p>-la mise en place d&#8217;un dispositif,<br \/>\n-l&#8217;anticipation des obstacles,<br \/>\n-l&#8217;\u00e9laboration de la strat\u00e9gie,<br \/>\n-la prise de d\u00e9cision et le pilotage,<br \/>\n-la communication,<br \/>\n-la gestion de sortie de crise,<br \/>\n-l&#8217;organisation d&#8217;exercices.<\/p>\n<p>Ce livre aborde le management du projet &#8220;gestion de crise&#8221; ou encore l&#8217;utilisation des r\u00e9seaux sociaux, il int\u00e8gre les facteurs humains et sociologiques qui d\u00e9cident de la r\u00e9ussite de la gestion de crise. Il s&#8217;adresse \u00e0 tous ceux qui ont en charge directement ou indirectement la gestion de crise en entreprise, association ou collectivit\u00e9, ainsi qu&#8217;aux consultants.<\/p>\n","protected":false},"excerpt":{"rendered":"<p>Didier Heiderich Publisher Dunod Overview: Toutes les organisations seront confront\u00e9es un jour \u00e0 une crise ; s&#8217;y pr\u00e9parer et surtout la g\u00e9rer en r\u00e9duit les impacts mais demande un d\u00e9passement de l&#8217;organisation. Illustr\u00e9 d&#8217;exemples et de t\u00e9moignages de sp\u00e9cialistes du terrain, cet ouvrage concret et pragmatique couvre la gestion de crise \u00e0 360\u00b0 et vous guide dans : -la mise en place d&#8217;un dispositif, -l&#8217;anticipation des obstacles, -l&#8217;\u00e9laboration de la&hellip; <\/p>\n","protected":false},"author":3,"featured_media":11338,"comment_status":"open","ping_status":"closed","sticky":false,"template":"","format":"standard","meta":{"footnotes":""},"categories":[14,6,109,19],"tags":[],"class_list":["post-11337","post","type-post","status-publish","format-standard","has-post-thumbnail","hentry","category-administracao-e-estrategia-empresarial","category-livros","category-francais","category-risco-e-perdas"],"views":295,"_links":{"self":[{"href":"https:\/\/www.bibliotecadeseguranca.com.br\/en\/wp-json\/wp\/v2\/posts\/11337","targetHints":{"allow":["GET"]}}],"collection":[{"href":"https:\/\/www.bibliotecadeseguranca.com.br\/en\/wp-json\/wp\/v2\/posts"}],"about":[{"href":"https:\/\/www.bibliotecadeseguranca.com.br\/en\/wp-json\/wp\/v2\/types\/post"}],"author":[{"embeddable":true,"href":"https:\/\/www.bibliotecadeseguranca.com.br\/en\/wp-json\/wp\/v2\/users\/3"}],"replies":[{"embeddable":true,"href":"https:\/\/www.bibliotecadeseguranca.com.br\/en\/wp-json\/wp\/v2\/comments?post=11337"}],"version-history":[{"count":2,"href":"https:\/\/www.bibliotecadeseguranca.com.br\/en\/wp-json\/wp\/v2\/posts\/11337\/revisions"}],"predecessor-version":[{"id":11340,"href":"https:\/\/www.bibliotecadeseguranca.com.br\/en\/wp-json\/wp\/v2\/posts\/11337\/revisions\/11340"}],"wp:featuredmedia":[{"embeddable":true,"href":"https:\/\/www.bibliotecadeseguranca.com.br\/en\/wp-json\/wp\/v2\/media\/11338"}],"wp:attachment":[{"href":"https:\/\/www.bibliotecadeseguranca.com.br\/en\/wp-json\/wp\/v2\/media?parent=11337"}],"wp:term":[{"taxonomy":"category","embeddable":true,"href":"https:\/\/www.bibliotecadeseguranca.com.br\/en\/wp-json\/wp\/v2\/categories?post=11337"},{"taxonomy":"post_tag","embeddable":true,"href":"https:\/\/www.bibliotecadeseguranca.com.br\/en\/wp-json\/wp\/v2\/tags?post=11337"}],"curies":[{"name":"wp","href":"https:\/\/api.w.org\/{rel}","templated":true}]}}