{"id":11113,"date":"2014-07-21T09:30:14","date_gmt":"2014-07-21T12:30:14","guid":{"rendered":"http:\/\/www.bibliotecadeseguranca.com.br\/en\/?p=11113"},"modified":"2014-08-20T18:33:08","modified_gmt":"2014-08-20T21:33:08","slug":"curso-nacional-de-promotor-de-policia-comunitaria","status":"publish","type":"post","link":"https:\/\/www.bibliotecadeseguranca.com.br\/en\/livros\/curso-nacional-de-promotor-de-policia-comunitaria\/","title":{"rendered":"Curso Nacional de Promotor de Pol\u00edcia Comunit\u00e1ria"},"content":{"rendered":"<p><span style=\"color: #003366;\"><strong><img loading=\"lazy\" decoding=\"async\" class=\"alignleft size-full wp-image-11114\" src=\"http:\/\/www.bibliotecadeseguranca.com.br\/en\/wp-content\/uploads\/2014\/07\/curso-nacional-de-promotor-de-policia-comunitaria.jpg\" alt=\"Curso Nacional de Promotor de Pol\u00edcia Comunit\u00e1ria\" width=\"145\" height=\"205\" srcset=\"https:\/\/www.bibliotecadeseguranca.com.br\/en\/wp-content\/uploads\/2014\/07\/curso-nacional-de-promotor-de-policia-comunitaria.jpg 145w, https:\/\/www.bibliotecadeseguranca.com.br\/en\/wp-content\/uploads\/2014\/07\/curso-nacional-de-promotor-de-policia-comunitaria-106x150.jpg 106w\" sizes=\"auto, (max-width: 145px) 100vw, 145px\" \/>Overview:<\/strong><\/span> Tem como objetivo capacitar os Policiais Militares, Policiais Civis, Bombeiros Militares e Guardas Municipais a gerenciar a ordem p\u00fablica orientado pela filosofia de pol\u00edcia comunit\u00e1ria, bem como capacitar as Lideran\u00e7as Comunit\u00e1rias para atuarem em conjunto com os \u00f3rg\u00e3os de seguran\u00e7a na busca da Paz Social por meio da participa\u00e7\u00e3o comunit\u00e1ria com atua\u00e7\u00e3o direta na filosofia de pol\u00edcia comunit\u00e1ria e mobiliza\u00e7\u00e3o social de outras lideran\u00e7as comunit\u00e1rias.<\/p>\n<p><a title=\"Curso Nacional de Promotor de Pol\u00edcia Comunit\u00e1ria\" href=\"http:\/\/portal.mj.gov.br\/services\/DocumentManagement\/FileDownload.EZTSvc.asp?DocumentID={4D31AABF-7814-4193-AAB7-81FD3070BC68}&amp;ServiceInstUID={B78EA6CB-3FB8-4814-AEF6-31787003C745}\" target=\"_blank\"><img loading=\"lazy\" decoding=\"async\" class=\"alignleft size-full wp-image-11251\" src=\"http:\/\/www.bibliotecadeseguranca.com.br\/en\/wp-content\/uploads\/2014\/08\/download.gif\" alt=\"Download\" width=\"89\" height=\"25\" \/><\/a><\/p>\n","protected":false},"excerpt":{"rendered":"<p>Overview: Tem como objetivo capacitar os Policiais Militares, Policiais Civis, Bombeiros Militares e Guardas Municipais a gerenciar a ordem p\u00fablica orientado pela filosofia de pol\u00edcia comunit\u00e1ria, bem como capacitar as Lideran\u00e7as Comunit\u00e1rias para atuarem em conjunto com os \u00f3rg\u00e3os de seguran\u00e7a na busca da Paz Social por meio da participa\u00e7\u00e3o comunit\u00e1ria com atua\u00e7\u00e3o direta na filosofia de pol\u00edcia comunit\u00e1ria e mobiliza\u00e7\u00e3o social de outras lideran\u00e7as comunit\u00e1rias.<\/p>\n","protected":false},"author":3,"featured_media":11114,"comment_status":"open","ping_status":"closed","sticky":false,"template":"","format":"standard","meta":{"footnotes":""},"categories":[6,112,25],"tags":[],"class_list":["post-11113","post","type-post","status-publish","format-standard","has-post-thumbnail","hentry","category-livros","category-download","category-seguranca-publica-e-defesa"],"views":1056,"_links":{"self":[{"href":"https:\/\/www.bibliotecadeseguranca.com.br\/en\/wp-json\/wp\/v2\/posts\/11113","targetHints":{"allow":["GET"]}}],"collection":[{"href":"https:\/\/www.bibliotecadeseguranca.com.br\/en\/wp-json\/wp\/v2\/posts"}],"about":[{"href":"https:\/\/www.bibliotecadeseguranca.com.br\/en\/wp-json\/wp\/v2\/types\/post"}],"author":[{"embeddable":true,"href":"https:\/\/www.bibliotecadeseguranca.com.br\/en\/wp-json\/wp\/v2\/users\/3"}],"replies":[{"embeddable":true,"href":"https:\/\/www.bibliotecadeseguranca.com.br\/en\/wp-json\/wp\/v2\/comments?post=11113"}],"version-history":[{"count":3,"href":"https:\/\/www.bibliotecadeseguranca.com.br\/en\/wp-json\/wp\/v2\/posts\/11113\/revisions"}],"predecessor-version":[{"id":11256,"href":"https:\/\/www.bibliotecadeseguranca.com.br\/en\/wp-json\/wp\/v2\/posts\/11113\/revisions\/11256"}],"wp:featuredmedia":[{"embeddable":true,"href":"https:\/\/www.bibliotecadeseguranca.com.br\/en\/wp-json\/wp\/v2\/media\/11114"}],"wp:attachment":[{"href":"https:\/\/www.bibliotecadeseguranca.com.br\/en\/wp-json\/wp\/v2\/media?parent=11113"}],"wp:term":[{"taxonomy":"category","embeddable":true,"href":"https:\/\/www.bibliotecadeseguranca.com.br\/en\/wp-json\/wp\/v2\/categories?post=11113"},{"taxonomy":"post_tag","embeddable":true,"href":"https:\/\/www.bibliotecadeseguranca.com.br\/en\/wp-json\/wp\/v2\/tags?post=11113"}],"curies":[{"name":"wp","href":"https:\/\/api.w.org\/{rel}","templated":true}]}}