{"id":10893,"date":"2014-05-30T09:35:53","date_gmt":"2014-05-30T12:35:53","guid":{"rendered":"http:\/\/www.bibliotecadeseguranca.com.br\/en\/?p=10893"},"modified":"2014-05-30T09:31:07","modified_gmt":"2014-05-30T12:31:07","slug":"politicas-de-estado-na-seguranca-publica","status":"publish","type":"post","link":"https:\/\/www.bibliotecadeseguranca.com.br\/en\/livros\/politicas-de-estado-na-seguranca-publica\/","title":{"rendered":"Pol\u00edticas de Estado na Seguran\u00e7a P\u00fablica"},"content":{"rendered":"<p><span style=\"color: #003366;\"><strong><img loading=\"lazy\" decoding=\"async\" class=\"alignleft size-full wp-image-10894\" src=\"http:\/\/www.bibliotecadeseguranca.com.br\/en\/wp-content\/uploads\/2014\/05\/politicas-de-estado-na-seguranca-publica.jpg\" alt=\"Pol\u00edticas de Estado na Seguran\u00e7a P\u00fablica\" width=\"145\" height=\"212\" srcset=\"https:\/\/www.bibliotecadeseguranca.com.br\/en\/wp-content\/uploads\/2014\/05\/politicas-de-estado-na-seguranca-publica.jpg 145w, https:\/\/www.bibliotecadeseguranca.com.br\/en\/wp-content\/uploads\/2014\/05\/politicas-de-estado-na-seguranca-publica-102x150.jpg 102w\" sizes=\"auto, (max-width: 145px) 100vw, 145px\" \/>Gilberto Prot\u00e1sio<\/strong><\/span><\/p>\n<p><span style=\"color: #003366;\"><strong>Editora Sicurezza<\/strong><\/span><\/p>\n<p><span style=\"color: #003366;\"><strong>Sinopse:<\/strong><\/span> O livro que o leitor tem agora nas m\u00e3os aprofunda uma inova\u00e7\u00e3o te\u00f3rica que j\u00e1 houvera sido proposta pelo ator em 2009. Ela fora sugerida pelo autor, para ser adotada como instrumento de suporte e politicas p\u00fablicas cujas metas ultrapassam os limites de um s\u00f3 mandato\/legislatura. Naquela \u00e9poca, devido a sua amplitude &#8211; aplicabilidade a todos os munic\u00edpios, Estados e \u00e0 Uni\u00e3o -, a sugest\u00e3o parecia desafiar o bom senso; por\u00e9m os resultados obtidos nas investiga\u00e7\u00f5es te\u00f3ricas tinham dado seguran\u00e7a ao seu autor, Gilberto Prot\u00e1sio, para afirmar que era oportuna, vi\u00e1vel e necessitaria a doa\u00e7\u00e3o de projetos complexos de longo prazo na seguran\u00e7a p\u00fablica brasileira.<\/p>\n","protected":false},"excerpt":{"rendered":"<p>Gilberto Prot\u00e1sio Editora Sicurezza Sinopse: O livro que o leitor tem agora nas m\u00e3os aprofunda uma inova\u00e7\u00e3o te\u00f3rica que j\u00e1 houvera sido proposta pelo ator em 2009. Ela fora sugerida pelo autor, para ser adotada como instrumento de suporte e politicas p\u00fablicas cujas metas ultrapassam os limites de um s\u00f3 mandato\/legislatura. Naquela \u00e9poca, devido a sua amplitude &#8211; aplicabilidade a todos os munic\u00edpios, Estados e \u00e0 Uni\u00e3o -, a sugest\u00e3o&hellip; <\/p>\n","protected":false},"author":3,"featured_media":10894,"comment_status":"open","ping_status":"closed","sticky":false,"template":"","format":"standard","meta":{"footnotes":""},"categories":[6,25],"tags":[],"class_list":["post-10893","post","type-post","status-publish","format-standard","has-post-thumbnail","hentry","category-livros","category-seguranca-publica-e-defesa"],"views":446,"_links":{"self":[{"href":"https:\/\/www.bibliotecadeseguranca.com.br\/en\/wp-json\/wp\/v2\/posts\/10893","targetHints":{"allow":["GET"]}}],"collection":[{"href":"https:\/\/www.bibliotecadeseguranca.com.br\/en\/wp-json\/wp\/v2\/posts"}],"about":[{"href":"https:\/\/www.bibliotecadeseguranca.com.br\/en\/wp-json\/wp\/v2\/types\/post"}],"author":[{"embeddable":true,"href":"https:\/\/www.bibliotecadeseguranca.com.br\/en\/wp-json\/wp\/v2\/users\/3"}],"replies":[{"embeddable":true,"href":"https:\/\/www.bibliotecadeseguranca.com.br\/en\/wp-json\/wp\/v2\/comments?post=10893"}],"version-history":[{"count":1,"href":"https:\/\/www.bibliotecadeseguranca.com.br\/en\/wp-json\/wp\/v2\/posts\/10893\/revisions"}],"predecessor-version":[{"id":10895,"href":"https:\/\/www.bibliotecadeseguranca.com.br\/en\/wp-json\/wp\/v2\/posts\/10893\/revisions\/10895"}],"wp:featuredmedia":[{"embeddable":true,"href":"https:\/\/www.bibliotecadeseguranca.com.br\/en\/wp-json\/wp\/v2\/media\/10894"}],"wp:attachment":[{"href":"https:\/\/www.bibliotecadeseguranca.com.br\/en\/wp-json\/wp\/v2\/media?parent=10893"}],"wp:term":[{"taxonomy":"category","embeddable":true,"href":"https:\/\/www.bibliotecadeseguranca.com.br\/en\/wp-json\/wp\/v2\/categories?post=10893"},{"taxonomy":"post_tag","embeddable":true,"href":"https:\/\/www.bibliotecadeseguranca.com.br\/en\/wp-json\/wp\/v2\/tags?post=10893"}],"curies":[{"name":"wp","href":"https:\/\/api.w.org\/{rel}","templated":true}]}}