{"id":10882,"date":"2014-05-27T09:33:35","date_gmt":"2014-05-27T12:33:35","guid":{"rendered":"http:\/\/www.bibliotecadeseguranca.com.br\/en\/?p=10882"},"modified":"2014-11-09T18:34:52","modified_gmt":"2014-11-09T21:34:52","slug":"a-guerra-no-atlantico-sul-a-2o-guerra-mundial-em-aguas-brasileiras","status":"publish","type":"post","link":"https:\/\/www.bibliotecadeseguranca.com.br\/en\/livros\/a-guerra-no-atlantico-sul-a-2o-guerra-mundial-em-aguas-brasileiras\/","title":{"rendered":"A Guerra no Atl\u00e2ntico Sul: A 2\u00ba. Guerra Mundial em \u00c1guas Brasileiras"},"content":{"rendered":"<p><span style=\"color: #003366;\"><strong><img loading=\"lazy\" decoding=\"async\" class=\"alignleft size-full wp-image-10883\" src=\"http:\/\/www.bibliotecadeseguranca.com.br\/en\/wp-content\/uploads\/2014\/05\/a-guerra-no-atlantico-sul-a-2o-guerra-mundial-em-aguas-brasileiras.jpg\" alt=\"A Guerra no Atl\u00e2ntico Sul: A 2\u00ba. Guerra Mundial em \u00c1guas Brasileiras\" width=\"145\" height=\"231\" srcset=\"https:\/\/www.bibliotecadeseguranca.com.br\/en\/wp-content\/uploads\/2014\/05\/a-guerra-no-atlantico-sul-a-2o-guerra-mundial-em-aguas-brasileiras.jpg 145w, https:\/\/www.bibliotecadeseguranca.com.br\/en\/wp-content\/uploads\/2014\/05\/a-guerra-no-atlantico-sul-a-2o-guerra-mundial-em-aguas-brasileiras-94x150.jpg 94w\" sizes=\"auto, (max-width: 145px) 100vw, 145px\" \/>F\u00e1bio Pestana Ramos<\/strong><\/span><\/p>\n<p><span style=\"color: #003366;\"><strong>Publisher\u00a0FPR<\/strong><\/span><\/p>\n<p><span style=\"color: #003366;\"><strong>Overview:<\/strong><\/span> Trabalho de um historiador profissional, doutor em hist\u00f3ria pela USP e ganhador do pr\u00eamio Jabuti e Casa Grande e Senzala, a obra mostra como a entrada do Brasil na 2\u00ba Guerra Mundial foi fundamental para alterar o equil\u00edbrio hegem\u00f4nico.<\/p>\n<p>A contribui\u00e7\u00e3o brasileira foi muito al\u00e9m dos feitos da FEB e da ponte a\u00e9rea propiciada pela base de Natal.<\/p>\n<p>Nas \u00e1guas do Atl\u00e2ntico Sul, as for\u00e7as navais brasileiras patrulharam o hemisf\u00e9rio, afundando mais de 70 submarinos alem\u00e3es, quase a totalidade da frota do Eixo na regi\u00e3o. Garantindo tamb\u00e9m a seguran\u00e7a do transporte mar\u00edtimo, ao participar de 446 miss\u00f5es de comboio, possibilitando o deslocamento de tropas e a obten\u00e7\u00e3o de mat\u00e9rias-primas essenciais.<\/p>\n<p>O que remete ao desenrolar da guerra nas \u00e1guas do Atl\u00e2ntico Sul. Quando submarinos alem\u00e3es operaram intensamente, tentando impedir a circula\u00e7\u00e3o de cargas e pessoas.<\/p>\n<p>Na ocasi\u00e3o, o canal de Suez estava interditado pela intensidade das batalhas no mar mediterr\u00e2neo, obrigando os navios cargueiros Aliados a cruzar o Atl\u00e2ntico Sul rumo ao oceano \u00cdndico, em busca de mat\u00e9rias primas essenciais ao esfor\u00e7o de guerra.<\/p>\n<p>As for\u00e7as brasileiras patrulharam o hemisf\u00e9rio sul, ca\u00e7ando os submarinos com a For\u00e7a Naval do Nordeste, composta por 33 navios de guerra &#8211; 2 cruzadores, 6 corvetas, 16 ca\u00e7a-submarinos e 9 contratorpedeiros.<\/p>\n","protected":false},"excerpt":{"rendered":"<p>F\u00e1bio Pestana Ramos Publisher\u00a0FPR Overview: Trabalho de um historiador profissional, doutor em hist\u00f3ria pela USP e ganhador do pr\u00eamio Jabuti e Casa Grande e Senzala, a obra mostra como a entrada do Brasil na 2\u00ba Guerra Mundial foi fundamental para alterar o equil\u00edbrio hegem\u00f4nico. A contribui\u00e7\u00e3o brasileira foi muito al\u00e9m dos feitos da FEB e da ponte a\u00e9rea propiciada pela base de Natal. Nas \u00e1guas do Atl\u00e2ntico Sul, as for\u00e7as&hellip; <\/p>\n","protected":false},"author":3,"featured_media":10883,"comment_status":"open","ping_status":"closed","sticky":false,"template":"","format":"standard","meta":{"footnotes":""},"categories":[6,25],"tags":[],"class_list":["post-10882","post","type-post","status-publish","format-standard","has-post-thumbnail","hentry","category-livros","category-seguranca-publica-e-defesa"],"views":305,"_links":{"self":[{"href":"https:\/\/www.bibliotecadeseguranca.com.br\/en\/wp-json\/wp\/v2\/posts\/10882","targetHints":{"allow":["GET"]}}],"collection":[{"href":"https:\/\/www.bibliotecadeseguranca.com.br\/en\/wp-json\/wp\/v2\/posts"}],"about":[{"href":"https:\/\/www.bibliotecadeseguranca.com.br\/en\/wp-json\/wp\/v2\/types\/post"}],"author":[{"embeddable":true,"href":"https:\/\/www.bibliotecadeseguranca.com.br\/en\/wp-json\/wp\/v2\/users\/3"}],"replies":[{"embeddable":true,"href":"https:\/\/www.bibliotecadeseguranca.com.br\/en\/wp-json\/wp\/v2\/comments?post=10882"}],"version-history":[{"count":1,"href":"https:\/\/www.bibliotecadeseguranca.com.br\/en\/wp-json\/wp\/v2\/posts\/10882\/revisions"}],"predecessor-version":[{"id":10884,"href":"https:\/\/www.bibliotecadeseguranca.com.br\/en\/wp-json\/wp\/v2\/posts\/10882\/revisions\/10884"}],"wp:featuredmedia":[{"embeddable":true,"href":"https:\/\/www.bibliotecadeseguranca.com.br\/en\/wp-json\/wp\/v2\/media\/10883"}],"wp:attachment":[{"href":"https:\/\/www.bibliotecadeseguranca.com.br\/en\/wp-json\/wp\/v2\/media?parent=10882"}],"wp:term":[{"taxonomy":"category","embeddable":true,"href":"https:\/\/www.bibliotecadeseguranca.com.br\/en\/wp-json\/wp\/v2\/categories?post=10882"},{"taxonomy":"post_tag","embeddable":true,"href":"https:\/\/www.bibliotecadeseguranca.com.br\/en\/wp-json\/wp\/v2\/tags?post=10882"}],"curies":[{"name":"wp","href":"https:\/\/api.w.org\/{rel}","templated":true}]}}